{"id":19226,"date":"2024-06-27T14:46:33","date_gmt":"2024-06-27T14:46:33","guid":{"rendered":"http:\/\/staging.ibermusicas.org\/?p=19226"},"modified":"2024-06-27T14:46:33","modified_gmt":"2024-06-27T14:46:33","slug":"concerto-78-rotacoes-libertacao-da-memoria-sonora","status":"publish","type":"post","link":"http:\/\/staging.ibermusicas.org\/index.php\/concerto-78-rotacoes-libertacao-da-memoria-sonora\/","title":{"rendered":"Concerto 78 rota\u00e7\u00f5es \u2013 Liberta\u00e7\u00e3o da mem\u00f3ria sonora"},"content":{"rendered":"<p>Durante toda a primeira metade do s\u00e9culo XX, a ind\u00fastria fonogr\u00e1fica teve papel fundamental na preserva\u00e7\u00e3o de m\u00fasicas populares urbanas por todo o mundo, promovendo ao mesmo tempo sua circula\u00e7\u00e3o a n\u00edvel global. No caso espec\u00edfico das m\u00fasicas surgidas no corredor Portugal-Brasil, este papel foi ainda mais marcante, uma vez que os dois pa\u00edses tiveram suas trajet\u00f3rias musicais ligadas \u00e0 ind\u00fastria do disco muito cedo.<\/p>\n<p>&nbsp;<\/p>\n<p>No Brasil, as grava\u00e7\u00f5es comerciais se iniciam ainda em 1902 com a cria\u00e7\u00e3o da Casa Edison do Rio de Janeiro, respons\u00e1vel pelo registo de centenas de artistas e pr\u00e1ticas musicais ligadas ao universo afro-brasileiro, como maxixes, sambas e choros. Em Portugal os primeiros registos de grava\u00e7\u00e3o sonora datam do ano de 1900, com repert\u00f3rio calcado na can\u00e7\u00e3o portuguesa e no fado.<\/p>\n<p>&nbsp;<\/p>\n<p>Todo este riqu\u00edssimo patrim\u00f4nio que espelha os tr\u00e2nsitos musicais entre os dois pa\u00edses jaz hoje em arquivos sonoros de 78 rpm, a maior parte deles inacess\u00edveis ao grande p\u00fablico.<\/p>\n<p>&nbsp;<\/p>\n<p>O projeto 78 Rota\u00e7\u00f5es \u2013 Liberta\u00e7\u00e3o da mem\u00f3ria sonora, procura recriar este repert\u00f3rio parcialmente esquecido, em uma proposta que alia investiga\u00e7\u00e3o, valoriza\u00e7\u00e3o do patrim\u00f3nio sonoro luso-afro-brasileiro, recria\u00e7\u00e3o art\u00edstica e performance musical, atrav\u00e9s de um concerto multim\u00e9dia em que se mesclam instala\u00e7\u00f5es fonogr\u00e1ficas, audiovisuais e interpreta\u00e7\u00e3o musical.<\/p>\n<p>&nbsp;<\/p>\n<p>Os concertos marcar\u00e3o o lan\u00e7amento do LP \u201cSonoro Mar\u201d, que reflete o repert\u00f3rio da pesquisa acad\u00eamica em andamento; o projeto Liber|Sound: Pr\u00e1ticas Inovadoras de Arquivamento para Liberta\u00e7\u00e3o da Mem\u00f3ria Sonora, desenvolvido pelo INET-md e a Universidade de Aveiro. Focado no estudo de tr\u00e2nsitos sonoros entre pa\u00edses e territ\u00f3rios lus\u00f3fonos (Portugal, Brasil, Mo\u00e7ambique e Goa), a partir de acervos de discos de 78 rpm nestes lugares, o projeto Liber|Sound procura entender o papel das ind\u00fastrias fonogr\u00e1ficas na constru\u00e7\u00e3o de imagin\u00e1rios e pontes sonoras em contextos lus\u00f3fonos.<\/p>\n<p>&nbsp;<\/p>\n<p>Este projeto conta com o apoio do Iberm\u00fasicas depois de ter vencido a chamada 2023 para Ajudas \u00e0 Circula\u00e7\u00e3o.<\/p>\n<p>&nbsp;<\/p>\n<ul>\n<li>12 de julho \u2013 Ensaio Aberto \u2013 Escola de M\u00fasica Guilhermina Suggia \u2013 Porto \u2013 Portugal<\/li>\n<li>13 de julho \u2013 Casa da M\u00fasica \u2013 Porto &#8211; Portugal<\/li>\n<li>18 de julho \u2013 Universidade de Aveiro &#8211; Portugal<\/li>\n<li>20 de julho \u2013 Teatro Ib\u00e9rico \u2013 Lisboa \u2013 Portugal<\/li>\n<li>27 de julho \u2013 Teatro Constantino Nery \u2013 Matosinhos &#8211; Portugal<\/li>\n<\/ul>\n","protected":false},"excerpt":{"rendered":"<p>Durante toda a primeira metade do s\u00e9culo XX, a ind\u00fastria fonogr\u00e1fica teve papel fundamental na preserva\u00e7\u00e3o de m\u00fasicas populares urbanas por todo o mundo, promovendo ao mesmo tempo sua circula\u00e7\u00e3o a n\u00edvel global. No caso espec\u00edfico das m\u00fasicas surgidas no corredor Portugal-Brasil, este papel foi ainda mais marcante, uma vez que os dois pa\u00edses tiveram [&hellip;]<\/p>\n","protected":false},"author":7,"featured_media":19224,"comment_status":"closed","ping_status":"closed","sticky":false,"template":"","format":"standard","meta":{"footnotes":""},"categories":[218],"tags":[],"class_list":["post-19226","post","type-post","status-publish","format-standard","has-post-thumbnail","hentry","category-noticias-generales-pt"],"lang":"pt","translations":{"pt":19226,"es":19223},"pll_sync_post":[],"post_mailing_queue_ids":[],"_links":{"self":[{"href":"http:\/\/staging.ibermusicas.org\/index.php\/wp-json\/wp\/v2\/posts\/19226","targetHints":{"allow":["GET"]}}],"collection":[{"href":"http:\/\/staging.ibermusicas.org\/index.php\/wp-json\/wp\/v2\/posts"}],"about":[{"href":"http:\/\/staging.ibermusicas.org\/index.php\/wp-json\/wp\/v2\/types\/post"}],"author":[{"embeddable":true,"href":"http:\/\/staging.ibermusicas.org\/index.php\/wp-json\/wp\/v2\/users\/7"}],"replies":[{"embeddable":true,"href":"http:\/\/staging.ibermusicas.org\/index.php\/wp-json\/wp\/v2\/comments?post=19226"}],"version-history":[{"count":1,"href":"http:\/\/staging.ibermusicas.org\/index.php\/wp-json\/wp\/v2\/posts\/19226\/revisions"}],"predecessor-version":[{"id":19227,"href":"http:\/\/staging.ibermusicas.org\/index.php\/wp-json\/wp\/v2\/posts\/19226\/revisions\/19227"}],"wp:featuredmedia":[{"embeddable":true,"href":"http:\/\/staging.ibermusicas.org\/index.php\/wp-json\/wp\/v2\/media\/19224"}],"wp:attachment":[{"href":"http:\/\/staging.ibermusicas.org\/index.php\/wp-json\/wp\/v2\/media?parent=19226"}],"wp:term":[{"taxonomy":"category","embeddable":true,"href":"http:\/\/staging.ibermusicas.org\/index.php\/wp-json\/wp\/v2\/categories?post=19226"},{"taxonomy":"post_tag","embeddable":true,"href":"http:\/\/staging.ibermusicas.org\/index.php\/wp-json\/wp\/v2\/tags?post=19226"}],"curies":[{"name":"wp","href":"https:\/\/api.w.org\/{rel}","templated":true}]}}