{"id":19228,"date":"2024-06-27T14:48:26","date_gmt":"2024-06-27T14:48:26","guid":{"rendered":"http:\/\/staging.ibermusicas.org\/?p=19228"},"modified":"2024-08-01T18:59:50","modified_gmt":"2024-08-01T18:59:50","slug":"corroncha-son-de-mexico-realizara-una-gira-por-varias-ciudades-de-argentina","status":"publish","type":"post","link":"http:\/\/staging.ibermusicas.org\/index.php\/corroncha-son-de-mexico-realizara-una-gira-por-varias-ciudades-de-argentina\/","title":{"rendered":"Corroncha Son de M\u00e9xico realizar\u00e1 una gira por varias ciudades de Argentina"},"content":{"rendered":"<p>Corroncha Son trabaja a trav\u00e9s de la m\u00fasica con el sentido del encuentro, reflexi\u00f3n y expresi\u00f3n desde la fusi\u00f3n de los ritmos tradicionales latinoamericanos. Hablar de ser mujer de barrio, de ser mujer ind\u00edgena, de ser mujer negra, de ser mujer perif\u00e9rica, de ser mujer lesbiana, de ser mujer. Es m\u00fasica\u00a0 rebelde. No se coloca en ning\u00fan g\u00e9nero musical, es una fusi\u00f3n libre y desafiante que a la vez es un homenaje a las ra\u00edces musicales que colorean a Am\u00e9rica Latina \u201cAbya Yala o<\/p>\n<p>Amer\u00e1frika\u201d con un toque de urbanidad. Corroncha Son es la cumbiafempower la cumbia jaranera, la cumbia rap, la cumbia social, la cumbia feminista.<\/p>\n<p>&nbsp;<\/p>\n<p>Corroncha Son realizar\u00e1 en colaboraci\u00f3n con UTUCA Productora, una gira por tres provincias de Argentina m\u00e1s la Ciudad de Buenos Aires con el prop\u00f3sito de visibilizar y dar a conocer \u00e9ste proyecto a nivel internacional.<\/p>\n<p>&nbsp;<\/p>\n<p>Esta gira de Corroncha Son cuenta con el apoyo de Iberm\u00fasicas mediante sus Ayudas a la Circulaci\u00f3n, convocatoria 2023.<\/p>\n<p>&nbsp;<\/p>\n<p>&nbsp;<\/p>\n<ul>\n<li>12 de julio: D7, Rosario, Santa Fe, Argentina<\/li>\n<li>13 de julio: El Birri, Santa Fe, Argentina)<\/li>\n<li>14 de julio: Casa Boulevard, Paran\u00e1, Entre R\u00edos, Argentina<\/li>\n<li>19 de julio: Encuentro Santiago del Estero<\/li>\n<li>20 de julio: Encuentro Santiago del Estero<\/li>\n<li>25 de julio: Las Martas, Villa Ani-m\u00ed, C\u00f3rdoba, Argentina<\/li>\n<li>26 de julio: Le Grand, C\u00f3rdoba Capital, Argentina<\/li>\n<li>27 de julio: La Minerita, Unquillo, C\u00f3rdoba<\/li>\n<li>9 de julio: Vuela el Pez, Ciudad Aut\u00f3noma de Buenos Aires, Argentina<\/li>\n<\/ul>\n","protected":false},"excerpt":{"rendered":"<p>Corroncha Son trabaja a trav\u00e9s de la m\u00fasica con el sentido del encuentro, reflexi\u00f3n y expresi\u00f3n desde la fusi\u00f3n de los ritmos tradicionales latinoamericanos. Hablar de ser mujer de barrio, de ser mujer ind\u00edgena, de ser mujer negra, de ser mujer perif\u00e9rica, de ser mujer lesbiana, de ser mujer. Es m\u00fasica\u00a0 rebelde. No se coloca [&hellip;]<\/p>\n","protected":false},"author":7,"featured_media":19229,"comment_status":"closed","ping_status":"closed","sticky":false,"template":"","format":"standard","meta":{"footnotes":""},"categories":[53],"tags":[],"class_list":["post-19228","post","type-post","status-publish","format-standard","has-post-thumbnail","hentry","category-noticias-generales"],"lang":"es","translations":{"es":19228,"pt":19231},"pll_sync_post":[],"post_mailing_queue_ids":[],"_links":{"self":[{"href":"http:\/\/staging.ibermusicas.org\/index.php\/wp-json\/wp\/v2\/posts\/19228","targetHints":{"allow":["GET"]}}],"collection":[{"href":"http:\/\/staging.ibermusicas.org\/index.php\/wp-json\/wp\/v2\/posts"}],"about":[{"href":"http:\/\/staging.ibermusicas.org\/index.php\/wp-json\/wp\/v2\/types\/post"}],"author":[{"embeddable":true,"href":"http:\/\/staging.ibermusicas.org\/index.php\/wp-json\/wp\/v2\/users\/7"}],"replies":[{"embeddable":true,"href":"http:\/\/staging.ibermusicas.org\/index.php\/wp-json\/wp\/v2\/comments?post=19228"}],"version-history":[{"count":1,"href":"http:\/\/staging.ibermusicas.org\/index.php\/wp-json\/wp\/v2\/posts\/19228\/revisions"}],"predecessor-version":[{"id":19230,"href":"http:\/\/staging.ibermusicas.org\/index.php\/wp-json\/wp\/v2\/posts\/19228\/revisions\/19230"}],"wp:featuredmedia":[{"embeddable":true,"href":"http:\/\/staging.ibermusicas.org\/index.php\/wp-json\/wp\/v2\/media\/19229"}],"wp:attachment":[{"href":"http:\/\/staging.ibermusicas.org\/index.php\/wp-json\/wp\/v2\/media?parent=19228"}],"wp:term":[{"taxonomy":"category","embeddable":true,"href":"http:\/\/staging.ibermusicas.org\/index.php\/wp-json\/wp\/v2\/categories?post=19228"},{"taxonomy":"post_tag","embeddable":true,"href":"http:\/\/staging.ibermusicas.org\/index.php\/wp-json\/wp\/v2\/tags?post=19228"}],"curies":[{"name":"wp","href":"https:\/\/api.w.org\/{rel}","templated":true}]}}