{"id":19231,"date":"2024-06-27T14:49:35","date_gmt":"2024-06-27T14:49:35","guid":{"rendered":"http:\/\/staging.ibermusicas.org\/?p=19231"},"modified":"2024-08-01T19:07:32","modified_gmt":"2024-08-01T19:07:32","slug":"corroncha-son-do-mexico-fara-uma-digressao-por-varias-cidades-da-argentina","status":"publish","type":"post","link":"http:\/\/staging.ibermusicas.org\/index.php\/corroncha-son-do-mexico-fara-uma-digressao-por-varias-cidades-da-argentina\/","title":{"rendered":"Corroncha Son, do M\u00e9xico, far\u00e1 uma digress\u00e3o por v\u00e1rias cidades da Argentina"},"content":{"rendered":"<p>Corroncha Son trabalha atrav\u00e9s da m\u00fasica com um sentido de encontro, reflex\u00e3o e express\u00e3o a partir da fus\u00e3o de ritmos tradicionais latino-americanos. Falando sobre ser mulher do bairro, sobre ser mulher ind\u00edgena, sobre ser mulher negra, sobre ser mulher perif\u00e9rica, sobre ser mulher l\u00e9sbica, sobre ser mulher. \u00c9 uma m\u00fasica rebelde. N\u00e3o se enquadra em nenhum g\u00e9nero musical, \u00e9 uma fus\u00e3o livre e desafiante que ao mesmo tempo \u00e9 uma homenagem \u00e0s ra\u00edzes musicais que colorem a Am\u00e9rica Latina \u201cAbya Yala ou Amer\u00e1frika\u00bb com um toque de urbanidade. Corroncha Son \u00e9 cumbiafempower, cumbia jaranera, cumbia rap, cumbia social, cumbia feminista.<\/p>\n<p>&nbsp;<\/p>\n<p>Em colabora\u00e7\u00e3o com a UTUCA Productora, Corroncha Son far\u00e1 uma digress\u00e3o por tr\u00eas prov\u00edncias da Argentina e pela cidade de Buenos Aires para dar visibilidade e notoriedade a este projeto a n\u00edvel internacional.<\/p>\n<p>&nbsp;<\/p>\n<p>Esta digress\u00e3o de Corroncha Son conta com o apoio do Programa Iberm\u00fasicas atrav\u00e9s das Ajudas \u00e0 Circula\u00e7\u00e3o, chamdada 2023.<\/p>\n<p>&nbsp;<\/p>\n<p>&nbsp;<\/p>\n<ul>\n<li>12 de julho: D7, Rosario, Santa Fe, Argentina<\/li>\n<li>13 de julho: El Birri, Santa F\u00e9, Argentina)<\/li>\n<li>14 de julho: Casa Boulevard, Paran\u00e1, Entre R\u00edos, Argentina<\/li>\n<li>19 de julho: Encontro em Santiago del Estero<\/li>\n<li>20 de julho: Encontro em Santiago del Estero<\/li>\n<li>25 de julho: Las Martas, Villa Ani-m\u00ed, C\u00f3rdoba, Argentina<\/li>\n<li>26 julho: Le Grand, C\u00f3rdoba Capital, Argentina<\/li>\n<li>27 julho: La Minerita, Unquillo, C\u00f3rdoba, Argentina<\/li>\n<li>9 de julho: Vuela el Pez, Ciudad Aut\u00f3noma de Buenos Aires, Argentina<\/li>\n<\/ul>\n","protected":false},"excerpt":{"rendered":"<p>Corroncha Son trabalha atrav\u00e9s da m\u00fasica com um sentido de encontro, reflex\u00e3o e express\u00e3o a partir da fus\u00e3o de ritmos tradicionais latino-americanos. Falando sobre ser mulher do bairro, sobre ser mulher ind\u00edgena, sobre ser mulher negra, sobre ser mulher perif\u00e9rica, sobre ser mulher l\u00e9sbica, sobre ser mulher. \u00c9 uma m\u00fasica rebelde. N\u00e3o se enquadra em [&hellip;]<\/p>\n","protected":false},"author":7,"featured_media":19229,"comment_status":"closed","ping_status":"closed","sticky":false,"template":"","format":"standard","meta":{"footnotes":""},"categories":[218],"tags":[],"class_list":["post-19231","post","type-post","status-publish","format-standard","has-post-thumbnail","hentry","category-noticias-generales-pt"],"lang":"pt","translations":{"pt":19231,"es":19228},"pll_sync_post":[],"post_mailing_queue_ids":[],"_links":{"self":[{"href":"http:\/\/staging.ibermusicas.org\/index.php\/wp-json\/wp\/v2\/posts\/19231","targetHints":{"allow":["GET"]}}],"collection":[{"href":"http:\/\/staging.ibermusicas.org\/index.php\/wp-json\/wp\/v2\/posts"}],"about":[{"href":"http:\/\/staging.ibermusicas.org\/index.php\/wp-json\/wp\/v2\/types\/post"}],"author":[{"embeddable":true,"href":"http:\/\/staging.ibermusicas.org\/index.php\/wp-json\/wp\/v2\/users\/7"}],"replies":[{"embeddable":true,"href":"http:\/\/staging.ibermusicas.org\/index.php\/wp-json\/wp\/v2\/comments?post=19231"}],"version-history":[{"count":1,"href":"http:\/\/staging.ibermusicas.org\/index.php\/wp-json\/wp\/v2\/posts\/19231\/revisions"}],"predecessor-version":[{"id":19232,"href":"http:\/\/staging.ibermusicas.org\/index.php\/wp-json\/wp\/v2\/posts\/19231\/revisions\/19232"}],"wp:featuredmedia":[{"embeddable":true,"href":"http:\/\/staging.ibermusicas.org\/index.php\/wp-json\/wp\/v2\/media\/19229"}],"wp:attachment":[{"href":"http:\/\/staging.ibermusicas.org\/index.php\/wp-json\/wp\/v2\/media?parent=19231"}],"wp:term":[{"taxonomy":"category","embeddable":true,"href":"http:\/\/staging.ibermusicas.org\/index.php\/wp-json\/wp\/v2\/categories?post=19231"},{"taxonomy":"post_tag","embeddable":true,"href":"http:\/\/staging.ibermusicas.org\/index.php\/wp-json\/wp\/v2\/tags?post=19231"}],"curies":[{"name":"wp","href":"https:\/\/api.w.org\/{rel}","templated":true}]}}