{"id":19233,"date":"2024-06-27T14:53:05","date_gmt":"2024-06-27T14:53:05","guid":{"rendered":"http:\/\/staging.ibermusicas.org\/?p=19233"},"modified":"2024-08-01T18:59:56","modified_gmt":"2024-08-01T18:59:56","slug":"pascuala-ilabaca-y-fauna-de-chile-realizaran-una-amplia-gira-por-los-estados-unidos","status":"publish","type":"post","link":"http:\/\/staging.ibermusicas.org\/index.php\/pascuala-ilabaca-y-fauna-de-chile-realizaran-una-amplia-gira-por-los-estados-unidos\/","title":{"rendered":"Pascuala Ilabaca y Fauna de Chile realizar\u00e1n una amplia gira por los Estados Unidos"},"content":{"rendered":"<p>Pascuala Ilabaca (1985) cantante y acordeonista chilena, es una de las voces y l\u00edderes femeninas m\u00e1s destacadas en la nueva escena de cantautoras latinoamericanas.<\/p>\n<p>&nbsp;<\/p>\n<p>Su m\u00fasica est\u00e1 arraigada en los sonidos tradicionales, pero integra sin esfuerzo el pop, el rock, jazz y las influencias reunidas en lugares tan lejanos como los Himalayas o los Andes. Acompa\u00f1ada por su banda Fauna, su presencia \u00fanica en el escenario evoca dulzura y empoderamiento al mismo tiempo, dando vida a sus canciones con compromiso, fragilidad y br\u00edo.<\/p>\n<p>&nbsp;<\/p>\n<p>La banda ha sido nominada a Mejor Artista 2016 en la revista Songlines (UK). Adem\u00e1s, ha obtenido dos veces (2013 y 2015) los Independent Music Awards NY (EE. UU.), Premio Top of the World (2015 y 2018) de la revista Songlines Magazine. Premio Pulsar Mejor Cantautor 2016 (Chile)<\/p>\n<p>&nbsp;<\/p>\n<p>Su discograf\u00eda cuenta con 6 discos y 3 EPs de los cuales 2 discos son homenaje a cantautores\/poetas de Chile como Violeta Parra, Gabriela Mistral y Victor Jara.<\/p>\n<p>&nbsp;<\/p>\n<p>Ha hecho varias colaboraciones con artistas como Lila Downs (M\u00e9xico), Susana Vaca (Per\u00fa), Soledad Pastorutti (Argentina), La Otra (Espa\u00f1a) y su m\u00e1s reciente colaboraci\u00f3n con Mon Laferte (Chile, 2023). Actualmente forma parte del cat\u00e1logo de artistas Warner Music Chile.<\/p>\n<p>&nbsp;<\/p>\n<p>Desde 2011 ha realizado m\u00e1s de 1.000 conciertos en Chile, Latinoam\u00e9rica, Estados Unidos, Canad\u00e1 y Europa; algunos importantes fueron: Womad (Reino Unido y Chile), Etnosur (Espa\u00f1a), Lollapalooza (Chile), San Francisco Jazz (Estados Unidos), Filarm\u00f3nica de Berl\u00edn (Alemania), Festival de Jazz de Montreal (Canad\u00e1), Selv\u00e1monos (Per\u00fa), La Mar de M\u00fasicas (Espa\u00f1a), entre otros.<\/p>\n<p>&nbsp;<\/p>\n<p>En 2023 Pascuala Ilabaca dio grandes pasos en su carrera musical cantando en la ceremonia de clausura de los Juegos Panamericanos 2023 y realizando su primer concierto en la televisi\u00f3n China.<\/p>\n<p>&nbsp;<\/p>\n<p>La cantante y acordeonista estren\u00f3 su 7mo disco\u00a0 \u201cPorte\u00f1a\u201d; un homenaje a Valpara\u00edso, una hist\u00f3rica ciudad nombrada \u00abciudad musical\u00bb por la Unesco de donde han nacido los m\u00e1s grandes talentos de la m\u00fasica chilena; Inti Illimani, Chico Trujillo, Los Jaivas, Mon Laferte, etc. El disco toma los ritmos de la bohemia de principios de siglo XX haci\u00e9ndolos contempor\u00e1neos con una l\u00edrica que borra la \u201cnostalgia del pasado\u201d para traerla a un contenido vigente, l\u00fadico y cr\u00edtico en donde se abordan tem\u00e1ticas como la estigmatizaci\u00f3n de los barrios \u201cmalos\u201d, la memoria de artistas ya muertos como la vedette Manon Duncan y el Pintor Eduardo Mena, el amor, la vida nocturna, el toque de queda y la represi\u00f3n policial tras el estallido social de 2019.<\/p>\n<p>&nbsp;<\/p>\n<p>Esta gira de Pascuala Ilabaca y Fauna es posible gracias al apoyo de la convocatoria en sinergia llevada a cabo por Iberm\u00fasicas y Mid Atlantic Arts para circulaci\u00f3n en los Estados Unidos.<\/p>\n<p>&nbsp;<\/p>\n<p>&nbsp;<\/p>\n<ul>\n<li>13 de julio: Levitt Pavillion Falls. Sioux Falls, SD<\/li>\n<li>16 de julio: Reggie&#8217;s. Chicago. IL<\/li>\n<li>17 de julio: City of Asylum. Pittsburgh. PA<\/li>\n<li>19 de julio: The Park Theater. Glens Falls. NY<\/li>\n<li>20 de julio: Maryland Hall. Annapolis. MD<\/li>\n<li>21 de julio: Norwood Village Green Concerts Series. Concert. Norwood. NY<\/li>\n<li>22 de julio: Norwood Village Green Concerts Series. Workshop. Norwood. NY<\/li>\n<li>23 de julio: Joe&#8217;s Pub. New York. NY<\/li>\n<\/ul>\n","protected":false},"excerpt":{"rendered":"<p>Pascuala Ilabaca (1985) cantante y acordeonista chilena, es una de las voces y l\u00edderes femeninas m\u00e1s destacadas en la nueva escena de cantautoras latinoamericanas. &nbsp; Su m\u00fasica est\u00e1 arraigada en los sonidos tradicionales, pero integra sin esfuerzo el pop, el rock, jazz y las influencias reunidas en lugares tan lejanos como los Himalayas o los [&hellip;]<\/p>\n","protected":false},"author":7,"featured_media":19234,"comment_status":"closed","ping_status":"closed","sticky":false,"template":"","format":"standard","meta":{"footnotes":""},"categories":[53],"tags":[],"class_list":["post-19233","post","type-post","status-publish","format-standard","has-post-thumbnail","hentry","category-noticias-generales"],"lang":"es","translations":{"es":19233,"pt":19236},"pll_sync_post":[],"post_mailing_queue_ids":[],"_links":{"self":[{"href":"http:\/\/staging.ibermusicas.org\/index.php\/wp-json\/wp\/v2\/posts\/19233","targetHints":{"allow":["GET"]}}],"collection":[{"href":"http:\/\/staging.ibermusicas.org\/index.php\/wp-json\/wp\/v2\/posts"}],"about":[{"href":"http:\/\/staging.ibermusicas.org\/index.php\/wp-json\/wp\/v2\/types\/post"}],"author":[{"embeddable":true,"href":"http:\/\/staging.ibermusicas.org\/index.php\/wp-json\/wp\/v2\/users\/7"}],"replies":[{"embeddable":true,"href":"http:\/\/staging.ibermusicas.org\/index.php\/wp-json\/wp\/v2\/comments?post=19233"}],"version-history":[{"count":1,"href":"http:\/\/staging.ibermusicas.org\/index.php\/wp-json\/wp\/v2\/posts\/19233\/revisions"}],"predecessor-version":[{"id":19235,"href":"http:\/\/staging.ibermusicas.org\/index.php\/wp-json\/wp\/v2\/posts\/19233\/revisions\/19235"}],"wp:featuredmedia":[{"embeddable":true,"href":"http:\/\/staging.ibermusicas.org\/index.php\/wp-json\/wp\/v2\/media\/19234"}],"wp:attachment":[{"href":"http:\/\/staging.ibermusicas.org\/index.php\/wp-json\/wp\/v2\/media?parent=19233"}],"wp:term":[{"taxonomy":"category","embeddable":true,"href":"http:\/\/staging.ibermusicas.org\/index.php\/wp-json\/wp\/v2\/categories?post=19233"},{"taxonomy":"post_tag","embeddable":true,"href":"http:\/\/staging.ibermusicas.org\/index.php\/wp-json\/wp\/v2\/tags?post=19233"}],"curies":[{"name":"wp","href":"https:\/\/api.w.org\/{rel}","templated":true}]}}