{"id":19236,"date":"2024-06-27T14:54:27","date_gmt":"2024-06-27T14:54:27","guid":{"rendered":"http:\/\/staging.ibermusicas.org\/?p=19236"},"modified":"2024-08-01T19:07:26","modified_gmt":"2024-08-01T19:07:26","slug":"pascuala-ilabaca-e-fauna-de-chile-em-digressao-alargada-pelos-estados-unidos","status":"publish","type":"post","link":"http:\/\/staging.ibermusicas.org\/index.php\/pascuala-ilabaca-e-fauna-de-chile-em-digressao-alargada-pelos-estados-unidos\/","title":{"rendered":"Pascuala Ilabaca e Fauna de Chile em digress\u00e3o alargada pelos Estados Unidos"},"content":{"rendered":"<p>Pascuala Ilabaca (1985), cantora e acordeonista chilena, \u00e9 uma das vozes femininas mais proeminentes e l\u00edderes da nova cena latino-americana de cantoras e compositoras.<\/p>\n<p>&nbsp;<\/p>\n<p>A sua m\u00fasica tem ra\u00edzes em sons tradicionais, mas integra sem esfor\u00e7o a pop, o rock, o jazz e influ\u00eancias recolhidas de lugares t\u00e3o distantes como os Himalaias e os Andes. Acompanhada pela sua banda Fauna, a sua presen\u00e7a \u00fanica em palco evoca do\u00e7ura e poder ao mesmo tempo, dando vida \u00e0s suas can\u00e7\u00f5es com empenho, fragilidade e verve.<\/p>\n<p>&nbsp;<\/p>\n<p>A banda foi nomeada para Melhor Artista 2016 na revista Songlines (Reino Unido). Al\u00e9m disso, ganharam duas vezes (2013 e 2015) o pr\u00eamio Independent Music Awards NY (EUA), pr\u00eamio Top of the World (2015 e 2018) da revista Songlines. Pr\u00eamio Pulsar de Melhor Cantor e Compositor 2016 (Chile).<\/p>\n<p>&nbsp;<\/p>\n<p>A sua discografia conta com 6 \u00e1lbuns e 3 EPs dos quais 2 \u00e1lbuns s\u00e3o homenagens a cantores &#8211; compositores &#8211; poetas chilenos como Violeta Parra, Gabriela Mistral e Victor Jara.<\/p>\n<p>&nbsp;<\/p>\n<p>Fez v\u00e1rias colabora\u00e7\u00f5es com artistas como Lila Downs (M\u00e9xico), Susana Vaca (Peru), Soledad Pastorutti (Argentina), La Otra (Espanha) e a sua mais recente colabora\u00e7\u00e3o com Mon Laferte (Chile, 2023). Atualmente, faz parte do cat\u00e1logo de artistas da Warner Music Chile.<\/p>\n<p>&nbsp;<\/p>\n<p>Desde 2011, realizou mais de 1.000 concertos no Chile, Am\u00e9rica Latina, Estados Unidos, Canad\u00e1 e Europa; alguns importantes foram: Womad (Reino Unido e Chile), Etnosur (Espanha), Lollapalooza (Chile), San Francisco Jazz (EUA), Filarm\u00f3nica de Berlim (Alemanha), Montreal Jazz Festival (Canad\u00e1), Selv\u00e1monos (Peru), La Mar de M\u00fasicas (Espanha), entre outros.<\/p>\n<p>&nbsp;<\/p>\n<p>Em 2023, Pascuala Ilabaca deu um grande passo em frente na sua carreira musical, cantando na cerim\u00f3nia de encerramento dos Jogos Pan-Americanos de 2023 e dando o seu primeiro concerto na televis\u00e3o chinesa.<\/p>\n<p>&nbsp;<\/p>\n<p>A cantora e acordeonista lan\u00e7ou o seu s\u00e9timo \u00e1lbum \u00abPorte\u00f1a\u00bb; uma homenagem a Valpara\u00edso, uma cidade hist\u00f3rica nomeada \u00abcidade musical\u00bb pela Unesco, de onde nasceram os maiores talentos da m\u00fasica chilena; Inti Illimani, Chico Trujillo, Los Jaivas, Mon Laferte, etc. O \u00e1lbum pega nos ritmos bo\u00e9mios do in\u00edcio do s\u00e9culo XX e torna-os contempor\u00e2neos com uma letra que apaga a \u00abnostalgia do passado\u00bb para a trazer para um conte\u00fado atual, l\u00fadico e cr\u00edtico onde s\u00e3o abordados temas como a estigmatiza\u00e7\u00e3o dos bairros \u00abmaus\u00bb, a mem\u00f3ria de artistas j\u00e1 mortos como a vedette Manon Duncan e o pintor Eduardo Mena, o amor, a vida nocturna, o toque de recolher obrigat\u00f3rio e a repress\u00e3o policial ap\u00f3s o surto social de 2019.<\/p>\n<p>&nbsp;<\/p>\n<p>Esta digress\u00e3o de Pascuala Ilabaca e Fauna \u00e9 poss\u00edvel gra\u00e7as ao apoio da sinergia entre Iberm\u00fasicas e Mid Atlantic Arts para circula\u00e7\u00e3o nos Estados Unidos.<\/p>\n<p>&nbsp;<\/p>\n<p>&nbsp;<\/p>\n<ul>\n<li>13 de julho: Levitt Pavillion Falls. Sioux Falls, SD<\/li>\n<li>16 de julho: Reggie&#8217;s. Chicago. IL<\/li>\n<li>17 de julho: City of Asylum. Pittsburgh. PA<\/li>\n<li>19 de julho: The Park Theater. Glens Falls. NY<\/li>\n<li>20 de julho: Maryland Hall. Annapolis. MD<\/li>\n<li>21 de julho: S\u00e9rie de Concertos Norwood Village Green. Norwood. NY<\/li>\n<li>22 de julho: S\u00e9rie de Concertos Norwood Village Green. Norwood. NY<\/li>\n<li>23 de julho: Joe&#8217;s Pub. Nova Iorque. NY<\/li>\n<\/ul>\n","protected":false},"excerpt":{"rendered":"<p>Pascuala Ilabaca (1985), cantora e acordeonista chilena, \u00e9 uma das vozes femininas mais proeminentes e l\u00edderes da nova cena latino-americana de cantoras e compositoras. &nbsp; A sua m\u00fasica tem ra\u00edzes em sons tradicionais, mas integra sem esfor\u00e7o a pop, o rock, o jazz e influ\u00eancias recolhidas de lugares t\u00e3o distantes como os Himalaias e os [&hellip;]<\/p>\n","protected":false},"author":7,"featured_media":19234,"comment_status":"closed","ping_status":"closed","sticky":false,"template":"","format":"standard","meta":{"footnotes":""},"categories":[218],"tags":[],"class_list":["post-19236","post","type-post","status-publish","format-standard","has-post-thumbnail","hentry","category-noticias-generales-pt"],"lang":"pt","translations":{"pt":19236,"es":19233},"pll_sync_post":[],"post_mailing_queue_ids":[],"_links":{"self":[{"href":"http:\/\/staging.ibermusicas.org\/index.php\/wp-json\/wp\/v2\/posts\/19236","targetHints":{"allow":["GET"]}}],"collection":[{"href":"http:\/\/staging.ibermusicas.org\/index.php\/wp-json\/wp\/v2\/posts"}],"about":[{"href":"http:\/\/staging.ibermusicas.org\/index.php\/wp-json\/wp\/v2\/types\/post"}],"author":[{"embeddable":true,"href":"http:\/\/staging.ibermusicas.org\/index.php\/wp-json\/wp\/v2\/users\/7"}],"replies":[{"embeddable":true,"href":"http:\/\/staging.ibermusicas.org\/index.php\/wp-json\/wp\/v2\/comments?post=19236"}],"version-history":[{"count":1,"href":"http:\/\/staging.ibermusicas.org\/index.php\/wp-json\/wp\/v2\/posts\/19236\/revisions"}],"predecessor-version":[{"id":19237,"href":"http:\/\/staging.ibermusicas.org\/index.php\/wp-json\/wp\/v2\/posts\/19236\/revisions\/19237"}],"wp:featuredmedia":[{"embeddable":true,"href":"http:\/\/staging.ibermusicas.org\/index.php\/wp-json\/wp\/v2\/media\/19234"}],"wp:attachment":[{"href":"http:\/\/staging.ibermusicas.org\/index.php\/wp-json\/wp\/v2\/media?parent=19236"}],"wp:term":[{"taxonomy":"category","embeddable":true,"href":"http:\/\/staging.ibermusicas.org\/index.php\/wp-json\/wp\/v2\/categories?post=19236"},{"taxonomy":"post_tag","embeddable":true,"href":"http:\/\/staging.ibermusicas.org\/index.php\/wp-json\/wp\/v2\/tags?post=19236"}],"curies":[{"name":"wp","href":"https:\/\/api.w.org\/{rel}","templated":true}]}}