{"id":19238,"date":"2024-06-27T14:56:07","date_gmt":"2024-06-27T14:56:07","guid":{"rendered":"http:\/\/staging.ibermusicas.org\/?p=19238"},"modified":"2024-08-01T19:00:03","modified_gmt":"2024-08-01T19:00:03","slug":"el-ensamble-gallego-vertixe-sonora-tendra-una-destacada-participacion-en-el-festival-plurisons-de-belo-horizonte-brasil","status":"publish","type":"post","link":"http:\/\/staging.ibermusicas.org\/index.php\/el-ensamble-gallego-vertixe-sonora-tendra-una-destacada-participacion-en-el-festival-plurisons-de-belo-horizonte-brasil\/","title":{"rendered":"El ensamble gallego Vertixe Sonora.tendr\u00e1 una destacada participaci\u00f3n en el Festival Plurisons de Belo Horizonte, Brasil"},"content":{"rendered":"<p>En su tercera edici\u00f3n, el festival internacional de m\u00fasica contempor\u00e1nea Plurisons, con sede en Belo Horizonte, Brasil, ha crecido y su programaci\u00f3n incluye conciertos, talleres y clases magistrales tanto para compositores como para int\u00e9rpretes e investigadores. Cuenta adem\u00e1s con un nuevo taller dedicado a la escritura sobre m\u00fasica contempor\u00e1nea, dirigido a cr\u00edticos y te\u00f3ricos musicales.<\/p>\n<p>&nbsp;<\/p>\n<p>Para esta edici\u00f3n, en la que se incluyen seis conciertos, con obras compuestas en los \u00faltimos veinte a\u00f1os, as\u00ed como varios estrenos, el festival contar\u00e1 con la presencia de Vertixe Sonora. Gracias a la colaboraci\u00f3n del programa Iberm\u00fasicas, el ensemble gallego desarrollar\u00e1 una intensa actividad dentro del festival.<\/p>\n<p>&nbsp;<\/p>\n<p>Cinco integrantes del ensamble Vertixe Sonora ser\u00e1n parte de esta edici\u00f3n del Festival Plurisons: Mar\u00eda Mogas, acorde\u00f3n; Pablo Coello, saxof\u00f3n, Alfonso Noriega, viola; Nuno Marques, guitarra el\u00e9ctrica y Diego Ventoso, percusi\u00f3n.<\/p>\n<p>&nbsp;<\/p>\n<p>El Festival Plurisons es un festival internacional de m\u00fasica dedicado a la creaci\u00f3n musical y a las nuevas pr\u00e1cticas en el \u00e1mbito de la m\u00fasica de concierto. Creado en 2022, el festival pretende ofrecer un espacio de difusi\u00f3n y reflexi\u00f3n sobre nuevas pr\u00e1cticas en el \u00e1mbito de la creaci\u00f3n musical contempor\u00e1nea, a trav\u00e9s de di\u00e1logos y procesos de creaci\u00f3n conjunta entre int\u00e9rpretes, compositores e investigadores de diferentes pa\u00edses. Durante sus dos primeras ediciones, el festival estren\u00f3 cerca de 30 obras y present\u00f3 artistas de Francia, EE.UU., Suiza, Inglaterra, Argentina, Alemania, Taiw\u00e1n, Jap\u00f3n y Singapur, as\u00ed como artistas brasile\u00f1os de todas las regiones del pa\u00eds. El programa de 2024 incluye conciertos, actividades educativas y conferencias, con el objetivo de llegar a un amplio p\u00fablico de j\u00f3venes profesionales, artistas vinculados al campo del sonido y p\u00fablico en general. El Festival Plurisons est\u00e1 organizado por la Asociaci\u00f3n Plurisons, la Fundaci\u00f3n Educaci\u00f3n Art\u00edstica y FLAMA, con el apoyo del Conservatorio de la UFMG, la Universidad Estatal de Arizona, la Universidad de Texas en Austin, el Programa Iberm\u00fasicas, el Instituto de las Artes de la UNESP, R\u00e1dio Inconfid\u00eancia, Empresa Mineira de Comunica\u00e7\u00e3o y el Ministerio de Cultura de Espa\u00f1a.<\/p>\n<p>&nbsp;<\/p>\n<p>Desde su presentaci\u00f3n en 2011, Vertixe Sonora ha realizado 244 conciertos y llevado a cabo 290 estrenos absolutos de 220 compositores de 46 pa\u00edses. Una d\u00e9cada de producciones propias y conciertos en diferentes festivales y ciclos de Espa\u00f1a. Su reconocimiento internacional le ha permitido presentarse en escenarios de Alemania,<\/p>\n<p>Estados Unidos, Francia, Hong Kong, Italia, M\u00e9xico, Portugal, Suecia, Suiza y Sud\u00e1frica.<\/p>\n<p>&nbsp;<\/p>\n<ul>\n<li>15 de julio: Ensayos abiertos &#8211; Vertixe Sonora<\/li>\n<li>16 de julio: Ensayos abiertos &#8211; Concierto Apertura: Ensemble Plurisons + Vertixe Sonora<\/li>\n<li>17, 18 de Julio &#8211; Ensayos abiertos Vertixe Sonora y solistas<\/li>\n<li>19 de julio: Ensayos abiertos &#8211; Concierto de estrenos: Ensemble Plurisons + Vertixe Sonora<\/li>\n<li>20 de julio: Ensayos abiertos &#8211; Vertixe Sonora<\/li>\n<li>21 de julio: Ensayos abiertos &#8211; Concierto de clausura &#8211; CONFLUENCIAS: Ensemble Plurisons + Vertixe Sonora<\/li>\n<\/ul>\n","protected":false},"excerpt":{"rendered":"<p>En su tercera edici\u00f3n, el festival internacional de m\u00fasica contempor\u00e1nea Plurisons, con sede en Belo Horizonte, Brasil, ha crecido y su programaci\u00f3n incluye conciertos, talleres y clases magistrales tanto para compositores como para int\u00e9rpretes e investigadores. Cuenta adem\u00e1s con un nuevo taller dedicado a la escritura sobre m\u00fasica contempor\u00e1nea, dirigido a cr\u00edticos y te\u00f3ricos musicales. [&hellip;]<\/p>\n","protected":false},"author":7,"featured_media":19239,"comment_status":"closed","ping_status":"closed","sticky":false,"template":"","format":"standard","meta":{"footnotes":""},"categories":[53],"tags":[],"class_list":["post-19238","post","type-post","status-publish","format-standard","has-post-thumbnail","hentry","category-noticias-generales"],"lang":"es","translations":{"es":19238,"pt":19241},"pll_sync_post":[],"post_mailing_queue_ids":[],"_links":{"self":[{"href":"http:\/\/staging.ibermusicas.org\/index.php\/wp-json\/wp\/v2\/posts\/19238","targetHints":{"allow":["GET"]}}],"collection":[{"href":"http:\/\/staging.ibermusicas.org\/index.php\/wp-json\/wp\/v2\/posts"}],"about":[{"href":"http:\/\/staging.ibermusicas.org\/index.php\/wp-json\/wp\/v2\/types\/post"}],"author":[{"embeddable":true,"href":"http:\/\/staging.ibermusicas.org\/index.php\/wp-json\/wp\/v2\/users\/7"}],"replies":[{"embeddable":true,"href":"http:\/\/staging.ibermusicas.org\/index.php\/wp-json\/wp\/v2\/comments?post=19238"}],"version-history":[{"count":1,"href":"http:\/\/staging.ibermusicas.org\/index.php\/wp-json\/wp\/v2\/posts\/19238\/revisions"}],"predecessor-version":[{"id":19240,"href":"http:\/\/staging.ibermusicas.org\/index.php\/wp-json\/wp\/v2\/posts\/19238\/revisions\/19240"}],"wp:featuredmedia":[{"embeddable":true,"href":"http:\/\/staging.ibermusicas.org\/index.php\/wp-json\/wp\/v2\/media\/19239"}],"wp:attachment":[{"href":"http:\/\/staging.ibermusicas.org\/index.php\/wp-json\/wp\/v2\/media?parent=19238"}],"wp:term":[{"taxonomy":"category","embeddable":true,"href":"http:\/\/staging.ibermusicas.org\/index.php\/wp-json\/wp\/v2\/categories?post=19238"},{"taxonomy":"post_tag","embeddable":true,"href":"http:\/\/staging.ibermusicas.org\/index.php\/wp-json\/wp\/v2\/tags?post=19238"}],"curies":[{"name":"wp","href":"https:\/\/api.w.org\/{rel}","templated":true}]}}