{"id":19241,"date":"2024-06-27T14:57:39","date_gmt":"2024-06-27T14:57:39","guid":{"rendered":"http:\/\/staging.ibermusicas.org\/?p=19241"},"modified":"2024-08-01T19:07:20","modified_gmt":"2024-08-01T19:07:20","slug":"o-ensemble-galego-vertixe-sonora-tera-uma-participacao-destacada-no-festival-plurisons-em-belo-horizonte-brasil","status":"publish","type":"post","link":"http:\/\/staging.ibermusicas.org\/index.php\/o-ensemble-galego-vertixe-sonora-tera-uma-participacao-destacada-no-festival-plurisons-em-belo-horizonte-brasil\/","title":{"rendered":"O ensemble galego Vertixe Sonora ter\u00e1 uma participa\u00e7\u00e3o destacada no Festival Plurisons, em Belo Horizonte, Brasil"},"content":{"rendered":"<p>Em sua terceira edi\u00e7\u00e3o, o festival internacional de m\u00fasica contempor\u00e2nea Plurisons, sediado em Belo Horizonte, Brasil, cresceu e sua programa\u00e7\u00e3o inclui concertos, workshops e master classes para compositores, int\u00e9rpretes e pesquisadores. Al\u00e9m disso, conta com um novo workshop dedicado a escrever sobre m\u00fasica contempor\u00e2nea, voltado para cr\u00edticos e te\u00f3ricos da m\u00fasica.<\/p>\n<p>&nbsp;<\/p>\n<p>Para esta edi\u00e7\u00e3o, que inclui seis concertos, com obras compostas nos \u00faltimos vinte anos, al\u00e9m de v\u00e1rias estreias, o festival contar\u00e1 com a presen\u00e7a do Vertixe Sonora. Gra\u00e7as \u00e0 colabora\u00e7\u00e3o do programa Iberm\u00fasicas, o conjunto galego desenvolver\u00e1 uma intensa atividade dentro do festival.<\/p>\n<p>&nbsp;<\/p>\n<p>Cinco membros do conjunto Vertixe Sonora far\u00e3o parte desta edi\u00e7\u00e3o do Festival Plurisons: Mar\u00eda Mogas, acorde\u00e3o; Pablo Coello, saxofone; Alfonso Noriega, viola; Nuno Marques, guitarra el\u00e9trica e Diego Ventoso, percuss\u00e3o.<\/p>\n<p>&nbsp;<\/p>\n<p>O Festival Plurisons \u00e9 um festival internacional de m\u00fasica dedicado \u00e0 cria\u00e7\u00e3o musical e as novas pr\u00e1ticas no campo da m\u00fasica de concerto. Criado em 2022, o festival surge com o objetivo de oferecer um espa\u00e7o de difus\u00e3o e reflex\u00e3o acerca das novas pr\u00e1ticas no campo da cria\u00e7\u00e3o de m\u00fasica contempor\u00e2nea, atrav\u00e9s de di\u00e1logos e processos de cria\u00e7\u00e3o conjunta entre int\u00e9rpretes, compositores e pesquisadores de diferentes pa\u00edses. Ao longo das duas primeiras edi\u00e7\u00f5es, o festival estreou cerca de 30 obras, e apresentou artistas de Fran\u00e7a, EUA, Su\u00ed\u00e7a, Inglaterra, Argentina, Alemanha, Taiwan, Jap\u00e3o, Singapura, al\u00e9m de artistas brasileiros de todas as regi\u00f5es do pa\u00eds. A programa\u00e7\u00e3o de 2024 inclui concertos, atividades pedag\u00f3gicas e palestras, visando atingir um p\u00fablico amplo de jovens profissionais, artistas ligados ao campo sonoro e p\u00fablico em geral. O Festival Plurisons \u00e9 uma realiza\u00e7\u00e3o da Associa\u00e7\u00e3o Plurisons e da Funda\u00e7\u00e3o de Educa\u00e7\u00e3o Art\u00edstica e da FLAMA, com o apoio do Conservat\u00f3rio UFMG, Arizona State University, University of Texas at Austin, Programa Iberm\u00fasicas, Instituto de Artes &#8211; UNESP, R\u00e1dio Inconfid\u00eancia, Empresa Mineira de Comunica\u00e7\u00e3o e do Minist\u00e9rio da Cultura da Espanha.<\/p>\n<p>&nbsp;<\/p>\n<p>Desde seu lan\u00e7amento em 2011, a Vertixe Sonora realizou 244 concertos e fez 290 estreias mundiais de 220 compositores de 46 pa\u00edses. Uma d\u00e9cada de produ\u00e7\u00f5es pr\u00f3prias e concertos em diferentes festivais e ciclos na Espanha. Seu reconhecimento internacional lhe permitiu se apresentar em palcos da Alemanha,<\/p>\n<p>Estados Unidos, Fran\u00e7a, Hong Kong, It\u00e1lia, M\u00e9xico, Portugal, Su\u00e9cia, Su\u00ed\u00e7a e \u00c1frica do Sul.<\/p>\n<p>&nbsp;<\/p>\n<p>&nbsp;<\/p>\n<ul>\n<li>15 de julho: Ensaios abertos &#8211; Vertixe Sonora<\/li>\n<li>16 de julho: Ensaios abertos &#8211; Concerto de abertura: Ensemble Plurisons + Vertixe Sonora<\/li>\n<li>17 e 18 de julho &#8211; Ensaios abertos &#8211; Vertixe Sonora e solistas<\/li>\n<li>19 de julho: Ensaios abertos &#8211; Concerto de abertura: Ensemble Plurisons + Vertixe Sonora<\/li>\n<li>20 de julho: Ensaios abertos &#8211; Vertixe Sonora<\/li>\n<li>21 de julho: Ensaios abertos &#8211; Concerto de encerramento &#8211; CONFLUENCES: Ensemble Plurisons + Vertixe Sonora<\/li>\n<\/ul>\n","protected":false},"excerpt":{"rendered":"<p>Em sua terceira edi\u00e7\u00e3o, o festival internacional de m\u00fasica contempor\u00e2nea Plurisons, sediado em Belo Horizonte, Brasil, cresceu e sua programa\u00e7\u00e3o inclui concertos, workshops e master classes para compositores, int\u00e9rpretes e pesquisadores. Al\u00e9m disso, conta com um novo workshop dedicado a escrever sobre m\u00fasica contempor\u00e2nea, voltado para cr\u00edticos e te\u00f3ricos da m\u00fasica. &nbsp; Para esta edi\u00e7\u00e3o, [&hellip;]<\/p>\n","protected":false},"author":7,"featured_media":19239,"comment_status":"closed","ping_status":"closed","sticky":false,"template":"","format":"standard","meta":{"footnotes":""},"categories":[218],"tags":[],"class_list":["post-19241","post","type-post","status-publish","format-standard","has-post-thumbnail","hentry","category-noticias-generales-pt"],"lang":"pt","translations":{"pt":19241,"es":19238},"pll_sync_post":[],"post_mailing_queue_ids":[],"_links":{"self":[{"href":"http:\/\/staging.ibermusicas.org\/index.php\/wp-json\/wp\/v2\/posts\/19241","targetHints":{"allow":["GET"]}}],"collection":[{"href":"http:\/\/staging.ibermusicas.org\/index.php\/wp-json\/wp\/v2\/posts"}],"about":[{"href":"http:\/\/staging.ibermusicas.org\/index.php\/wp-json\/wp\/v2\/types\/post"}],"author":[{"embeddable":true,"href":"http:\/\/staging.ibermusicas.org\/index.php\/wp-json\/wp\/v2\/users\/7"}],"replies":[{"embeddable":true,"href":"http:\/\/staging.ibermusicas.org\/index.php\/wp-json\/wp\/v2\/comments?post=19241"}],"version-history":[{"count":1,"href":"http:\/\/staging.ibermusicas.org\/index.php\/wp-json\/wp\/v2\/posts\/19241\/revisions"}],"predecessor-version":[{"id":19242,"href":"http:\/\/staging.ibermusicas.org\/index.php\/wp-json\/wp\/v2\/posts\/19241\/revisions\/19242"}],"wp:featuredmedia":[{"embeddable":true,"href":"http:\/\/staging.ibermusicas.org\/index.php\/wp-json\/wp\/v2\/media\/19239"}],"wp:attachment":[{"href":"http:\/\/staging.ibermusicas.org\/index.php\/wp-json\/wp\/v2\/media?parent=19241"}],"wp:term":[{"taxonomy":"category","embeddable":true,"href":"http:\/\/staging.ibermusicas.org\/index.php\/wp-json\/wp\/v2\/categories?post=19241"},{"taxonomy":"post_tag","embeddable":true,"href":"http:\/\/staging.ibermusicas.org\/index.php\/wp-json\/wp\/v2\/tags?post=19241"}],"curies":[{"name":"wp","href":"https:\/\/api.w.org\/{rel}","templated":true}]}}