{"id":19255,"date":"2024-07-01T13:11:40","date_gmt":"2024-07-01T13:11:40","guid":{"rendered":"http:\/\/staging.ibermusicas.org\/?p=19255"},"modified":"2024-08-30T17:39:14","modified_gmt":"2024-08-30T17:39:14","slug":"primer-concurso-internacional-de-bolero-vivo-literario-y-musical-en-lengua-espanola","status":"publish","type":"post","link":"http:\/\/staging.ibermusicas.org\/index.php\/primer-concurso-internacional-de-bolero-vivo-literario-y-musical-en-lengua-espanola\/","title":{"rendered":"Extensi\u00f3n de cierre de la Convocatoria \u201cPrimer Concurso de Bolero Vivo, Literario y Musical, en Lengua Espa\u00f1ola\u201d"},"content":{"rendered":"<p>El 5 de diciembre de 2023, la Organizaci\u00f3n de las Naciones Unidas para la Educaci\u00f3n, la Ciencia y la Cultura (UNESCO) aprob\u00f3 la inscripci\u00f3n de la Pr\u00e1ctica Cultural del Bolero en la Lista Representativa del Patrimonio Cultural Inmaterial (PCI) de la Humanidad, a partir de la candidatura binacional propuesta M\u00e9xico y Cuba.<\/p>\n<p>Para M\u00e9xico, Cuba y otros pa\u00edses, el bolero es una herencia cultural que se ha transmitido de generaci\u00f3n en generaci\u00f3n, aglutinando saberes y sensibilidades que dan cuenta de una pr\u00e1ctica viva.<\/p>\n<p>En este marco, las instituciones convocantes lanzan este Primer Concurso Internacional de Bolero Vivo, literario y musical, en lengua espa\u00f1ola.<\/p>\n<p>El concurso tiene como principal prop\u00f3sito fortalecer y consolidar el intercambio art\u00edstico y cultural entre todas las personas hispanohablantes en dos categor\u00edas: composici\u00f3n literaria y composici\u00f3n musical, los cuales ser\u00e1n evaluados por un comit\u00e9 integrado por expertos de reconocida trayectoria profesional en los campos disciplinarios se\u00f1alados:<\/p>\n<p>La composici\u00f3n musical y la composici\u00f3n literaria se premiar\u00e1n de la siguiente manera:<\/p>\n<p>Primer Lugar: $20,000 pesos mexicanos<br \/>\nSegundo Lugar: $10,000 pesos mexicanos<br \/>\nTercer Lugar: $5,000 pesos mexicanos<\/p>\n<p>Los resultados del concurso ser\u00e1n anunciados a trav\u00e9s de Canal Once y Canal 22, aunado a que los ganadores podr\u00e1n ser invitados para presentar sus trabajos en los citados programas televisivos, dependiendo de las condiciones disposiciones migratorias, fiscales, aduanales, sanitarias y de seguridad nacional vigentes en el Estado receptor.<\/p>\n<p>La Direcci\u00f3n Ejecutiva de Diplomacia Cultural y Tur\u00edstica, en conjunto con la Secretar\u00eda de Cultura (SECULT), la Agencia Mexicana de Cooperaci\u00f3n Internacional para el Desarrollo (AMEXCID), la H. Embajada de M\u00e9xico en Cuba, la Fonoteca Nacional, la Secretar\u00eda General Iberoamericana (SEGIB), la Red Iberoamericana de Diplomacia Cultural (RIDCULT), el Programa multilateral de cooperaci\u00f3n internacional dedicado exclusivamente a las artes musicales (IBERM\u00daSICAS),la Agencia Espa\u00f1ola de Cooperaci\u00f3n Internacional para el Desarrollo, (AECID), la H. Embajada de Cuba en M\u00e9xico, el Ministerio de Relaciones Exteriores de Cuba, el Instituto Cubano de la M\u00fasica, Canal 22, Canal 11 y la Editorial Elefanta, tienen el honor de convocar a personas creadoras y compositoras hispanohablantes a participar en el \u201cPrimer Concurso Internacional de Bolero Vivo, literario y musical, en lengua espa\u00f1ola\u201d.<\/p>\n<p>La convocatoria estar\u00e1 abierta a partir del lunes primero de julio de 2024 y la<strong> nueva fecha de cierre es el viernes 9 de agosto de 2024.<\/strong><\/p>\n<p>Consulte las bases\u00a0<a href=\"http:\/\/staging.ibermusicas.org\/wp-content\/uploads\/2020\/04\/Convocatoria-Bolero-Vivo.pdf\" target=\"_blank\" rel=\"noopener\">aqu\u00ed<\/a><\/p>\n<p>Para realizar postulaci\u00f3n:\u00a0<a href=\"https:\/\/forms.gle\/PF41toRx8KbjYc5Z9\" target=\"_blank\" rel=\"noopener\">aqu\u00ed<\/a><\/p>\n","protected":false},"excerpt":{"rendered":"<p>El 5 de diciembre de 2023, la Organizaci\u00f3n de las Naciones Unidas para la Educaci\u00f3n, la Ciencia y la Cultura (UNESCO) aprob\u00f3 la inscripci\u00f3n de la Pr\u00e1ctica Cultural del Bolero en la Lista Representativa del Patrimonio Cultural Inmaterial (PCI) de la Humanidad, a partir de la candidatura binacional propuesta M\u00e9xico y Cuba. Para M\u00e9xico, Cuba [&hellip;]<\/p>\n","protected":false},"author":7,"featured_media":19559,"comment_status":"closed","ping_status":"closed","sticky":false,"template":"","format":"standard","meta":{"footnotes":""},"categories":[53],"tags":[],"class_list":["post-19255","post","type-post","status-publish","format-standard","has-post-thumbnail","hentry","category-noticias-generales"],"lang":"es","translations":{"es":19255,"pt":19259},"pll_sync_post":[],"post_mailing_queue_ids":[],"_links":{"self":[{"href":"http:\/\/staging.ibermusicas.org\/index.php\/wp-json\/wp\/v2\/posts\/19255","targetHints":{"allow":["GET"]}}],"collection":[{"href":"http:\/\/staging.ibermusicas.org\/index.php\/wp-json\/wp\/v2\/posts"}],"about":[{"href":"http:\/\/staging.ibermusicas.org\/index.php\/wp-json\/wp\/v2\/types\/post"}],"author":[{"embeddable":true,"href":"http:\/\/staging.ibermusicas.org\/index.php\/wp-json\/wp\/v2\/users\/7"}],"replies":[{"embeddable":true,"href":"http:\/\/staging.ibermusicas.org\/index.php\/wp-json\/wp\/v2\/comments?post=19255"}],"version-history":[{"count":3,"href":"http:\/\/staging.ibermusicas.org\/index.php\/wp-json\/wp\/v2\/posts\/19255\/revisions"}],"predecessor-version":[{"id":19558,"href":"http:\/\/staging.ibermusicas.org\/index.php\/wp-json\/wp\/v2\/posts\/19255\/revisions\/19558"}],"wp:featuredmedia":[{"embeddable":true,"href":"http:\/\/staging.ibermusicas.org\/index.php\/wp-json\/wp\/v2\/media\/19559"}],"wp:attachment":[{"href":"http:\/\/staging.ibermusicas.org\/index.php\/wp-json\/wp\/v2\/media?parent=19255"}],"wp:term":[{"taxonomy":"category","embeddable":true,"href":"http:\/\/staging.ibermusicas.org\/index.php\/wp-json\/wp\/v2\/categories?post=19255"},{"taxonomy":"post_tag","embeddable":true,"href":"http:\/\/staging.ibermusicas.org\/index.php\/wp-json\/wp\/v2\/tags?post=19255"}],"curies":[{"name":"wp","href":"https:\/\/api.w.org\/{rel}","templated":true}]}}