{"id":19259,"date":"2024-07-01T13:11:49","date_gmt":"2024-07-01T13:11:49","guid":{"rendered":"http:\/\/staging.ibermusicas.org\/?p=19259"},"modified":"2024-08-30T17:43:04","modified_gmt":"2024-08-30T17:43:04","slug":"primeiro-concurso-internacional-de-bolero-vivo-literario-e-musical-em-lingua-espanhola","status":"publish","type":"post","link":"http:\/\/staging.ibermusicas.org\/index.php\/primeiro-concurso-internacional-de-bolero-vivo-literario-e-musical-em-lingua-espanhola\/","title":{"rendered":"Prorroga\u00e7\u00e3o do encerramento da Chamada \u00abPrimeiro Concurso Internacional de Bolero Vivo, liter\u00e1rio e musical, em l\u00edngua espanhola\u00bb"},"content":{"rendered":"<p>No dia 5 de dezembro de 2023, a Organiza\u00e7\u00e3o das Na\u00e7\u00f5es Unidas para a Educa\u00e7\u00e3o, a Ci\u00eancia e a Cultura (UNESCO) aprovou a inscri\u00e7\u00e3o da Pr\u00e1tica Cultural do Bolero na Lista Representativa do Patrim\u00f3nio Cultural Imaterial da Humanidade (PCI), com base na candidatura binacional proposta pelo M\u00e9xico e por Cuba.<\/p>\n<p>Para o M\u00e9xico, Cuba e outros pa\u00edses, o bolero \u00e9 um patrim\u00f3nio cultural que foi transmitido de gera\u00e7\u00e3o em gera\u00e7\u00e3o, reunindo conhecimentos e sensibilidades que refletem uma pr\u00e1tica viva.<\/p>\n<p>Neste contexto, as institui\u00e7\u00f5es organizadoras lan\u00e7am este Primeiro Concurso Internacional Bolero Vivo, liter\u00e1rio e musical, em espanhol.<\/p>\n<p>O principal objetivo do concurso \u00e9 refor\u00e7ar e consolidar o interc\u00e2mbio art\u00edstico e cultural entre todos os povos de l\u00edngua espanhola em duas categorias: composi\u00e7\u00e3o liter\u00e1ria e composi\u00e7\u00e3o musical, que ser\u00e3o avaliadas por um comit\u00e9 composto por especialistas com carreiras profissionais reconhecidas nos dom\u00ednios disciplinares acima mencionados:<\/p>\n<p>A composi\u00e7\u00e3o musical e a composi\u00e7\u00e3o liter\u00e1ria ser\u00e3o premiadas da seguinte forma:<\/p>\n<p>Primeiro lugar: $20.000 pesos mexicanos<br \/>\nSegundo lugar: $10.000 pesos mexicanos<br \/>\nTerceiro lugar: $5.000 pesos mexicanos<\/p>\n<p>Os resultados do concurso ser\u00e3o anunciados no Canal Once e no Canal 22, e os vencedores poder\u00e3o ser convidados a apresentar os seus trabalhos nos referidos programas de televis\u00e3o, em fun\u00e7\u00e3o das condi\u00e7\u00f5es de imigra\u00e7\u00e3o, fiscais, aduaneiras, sanit\u00e1rias e de seguran\u00e7a nacional em vigor no Estado de acolhimento.<\/p>\n<p>A Dire\u00e7\u00e3o Executiva de Diplomacia Cultural e Tur\u00edstica, juntamente com o Minist\u00e9rio da Cultura (SECULT), a Ag\u00eancia Mexicana de Coopera\u00e7\u00e3o Internacional para o Desenvolvimento (AMEXCID), a Embaixada do M\u00e9xico em Cuba, a Biblioteca Nacional do Som, a Secretaria-Geral Ibero-Americana (SEGIB), a Rede Ibero-Americana de Diplomacia Cultural (RIDCULT), o Programa Multilateral de Coopera\u00e7\u00e3o Internacional dedicado exclusivamente \u00e0s artes musicais (IBERM\u00daSICAS), a Ag\u00eancia Espanhola de Coopera\u00e7\u00e3o Internacional para o Desenvolvimento (AECID), a Embaixada de Cuba no M\u00e9xico, o Minist\u00e9rio dos Neg\u00f3cios Estrangeiros de Cuba, o Instituto Cubano de M\u00fasica, o Canal 22, o Canal 11 e a Editorial Elefanta, t\u00eam a honra de convidar criadores e compositores de l\u00edngua espanhola a participar no \u00abPrimer Concurso Internacional de Bolero Vivo, literario y musical, en lengua espa\u00f1ola\u00bb.<\/p>\n<p>O concurso estar\u00e1 aberto a partir de segunda-feira, 1 de julho de 2024,\u00a0<strong>e a nova data de encerramento \u00e9 9 de agosto de 2024.<\/strong><\/p>\n<p>Consulte o edital\u00a0<a href=\"http:\/\/staging.ibermusicas.org\/wp-content\/uploads\/2020\/04\/Convocatoria-Bolero-Vivo.pdf\" target=\"_blank\" rel=\"noopener\">aqui<\/a><\/p>\n<p>Para se candidatar:<a href=\"https:\/\/forms.gle\/PF41toRx8KbjYc5Z9\" target=\"_blank\" rel=\"noopener\">\u00a0aqui<\/a><\/p>\n","protected":false},"excerpt":{"rendered":"<p>No dia 5 de dezembro de 2023, a Organiza\u00e7\u00e3o das Na\u00e7\u00f5es Unidas para a Educa\u00e7\u00e3o, a Ci\u00eancia e a Cultura (UNESCO) aprovou a inscri\u00e7\u00e3o da Pr\u00e1tica Cultural do Bolero na Lista Representativa do Patrim\u00f3nio Cultural Imaterial da Humanidade (PCI), com base na candidatura binacional proposta pelo M\u00e9xico e por Cuba. Para o M\u00e9xico, Cuba e [&hellip;]<\/p>\n","protected":false},"author":7,"featured_media":19563,"comment_status":"closed","ping_status":"closed","sticky":false,"template":"","format":"standard","meta":{"footnotes":""},"categories":[218],"tags":[],"class_list":["post-19259","post","type-post","status-publish","format-standard","has-post-thumbnail","hentry","category-noticias-generales-pt"],"lang":"pt","translations":{"pt":19259,"es":19255},"pll_sync_post":[],"post_mailing_queue_ids":[],"_links":{"self":[{"href":"http:\/\/staging.ibermusicas.org\/index.php\/wp-json\/wp\/v2\/posts\/19259","targetHints":{"allow":["GET"]}}],"collection":[{"href":"http:\/\/staging.ibermusicas.org\/index.php\/wp-json\/wp\/v2\/posts"}],"about":[{"href":"http:\/\/staging.ibermusicas.org\/index.php\/wp-json\/wp\/v2\/types\/post"}],"author":[{"embeddable":true,"href":"http:\/\/staging.ibermusicas.org\/index.php\/wp-json\/wp\/v2\/users\/7"}],"replies":[{"embeddable":true,"href":"http:\/\/staging.ibermusicas.org\/index.php\/wp-json\/wp\/v2\/comments?post=19259"}],"version-history":[{"count":3,"href":"http:\/\/staging.ibermusicas.org\/index.php\/wp-json\/wp\/v2\/posts\/19259\/revisions"}],"predecessor-version":[{"id":19564,"href":"http:\/\/staging.ibermusicas.org\/index.php\/wp-json\/wp\/v2\/posts\/19259\/revisions\/19564"}],"wp:featuredmedia":[{"embeddable":true,"href":"http:\/\/staging.ibermusicas.org\/index.php\/wp-json\/wp\/v2\/media\/19563"}],"wp:attachment":[{"href":"http:\/\/staging.ibermusicas.org\/index.php\/wp-json\/wp\/v2\/media?parent=19259"}],"wp:term":[{"taxonomy":"category","embeddable":true,"href":"http:\/\/staging.ibermusicas.org\/index.php\/wp-json\/wp\/v2\/categories?post=19259"},{"taxonomy":"post_tag","embeddable":true,"href":"http:\/\/staging.ibermusicas.org\/index.php\/wp-json\/wp\/v2\/tags?post=19259"}],"curies":[{"name":"wp","href":"https:\/\/api.w.org\/{rel}","templated":true}]}}