{"id":19380,"date":"2024-07-08T15:49:19","date_gmt":"2024-07-08T15:49:19","guid":{"rendered":"http:\/\/staging.ibermusicas.org\/?p=19380"},"modified":"2024-08-01T19:00:32","modified_gmt":"2024-08-01T19:00:32","slug":"la-agrupacion-roda-libre-de-peru-fue-ganadora-del-premio-especial-brasil-ibermusicas-edicion-2023","status":"publish","type":"post","link":"http:\/\/staging.ibermusicas.org\/index.php\/la-agrupacion-roda-libre-de-peru-fue-ganadora-del-premio-especial-brasil-ibermusicas-edicion-2023\/","title":{"rendered":"Se presenta la agrupaci\u00f3n Roda Libre de Per\u00fa, ganadora del premio especial Brasil Iberm\u00fasicas, edici\u00f3n 2023"},"content":{"rendered":"<p dir=\"ltr\">Roda Libre es el \u00fanico grupo de Per\u00fa que trabaja un repertorio de m\u00fasica tradicional brasile\u00f1a. Tiene como prop\u00f3sito difundir la cultura brasile\u00f1a, por medio de la investigaci\u00f3n, producci\u00f3n, interpretaci\u00f3n y ejecuci\u00f3n musical de los diversos estilos de m\u00fasica contribuyendo a la innovaci\u00f3n del g\u00e9nero musical brasile\u00f1o. La propuesta explora ritmos como samba, frevo, maracat\u00fa, bai\u1fb6o, forr\u00f3, etc., y compositores como Pixinguinha, Jacob do Bandolim, Chiquinha Gonzaga, entre otros, desde una perspectiva motivada por un esp\u00edritu creativo y renovador.<\/p>\n<p>&nbsp;<\/p>\n<p dir=\"ltr\">El grupo est\u00e1 compuesto por Luc\u00eda Seijas Garc\u00eda: flauta, vientos, arreglos, Paul Ch\u00e1vez: guitarra e \u00cdtalo Bracamonte: pandeiro, percusi\u00f3n, bater\u00eda; todos ellos egresados del Conservatorio de Tatu\u00ed (SP-Brasil) en m\u00fasica cl\u00e1sica y popular.<\/p>\n<p>&nbsp;<\/p>\n<p dir=\"ltr\">Roda Libre tiene como uno de sus principales objetivos el promover la Cultura Brasile\u00f1a por medio de la investigaci\u00f3n, la producci\u00f3n, la interpretaci\u00f3n y ejecuci\u00f3n musical de los diversos estilos contribuyendo a la innovaci\u00f3n del g\u00e9nero musical brasile\u00f1o. Tambi\u00e9n se busca promocionar un nuevo espacio orientado a actividades art\u00edsticas y culturales para convocar a nuevos p\u00fablicos y compartir un g\u00e9nero tan poco difundido en Per\u00fa. Adem\u00e1s, se busca incentivar los lazos con la cultura musical brasile\u00f1a y sus corrientes en diferentes escenarios del mundo, para despertar la sensibilidad musical entre personas de pa\u00edses hermanos.<\/p>\n<p>&nbsp;<\/p>\n<p dir=\"ltr\">El grupo propone participar de encuentros, clase maestra, talleres de m\u00fasica brasile\u00f1a y presentar al p\u00fablico el espect\u00e1culo titulado \u201cHomenaje a Nico Larrea por Roda Libre\u201d basado en el repertorio del compositor peruano Nico Larrea, destacando la concepci\u00f3n de la m\u00fasica brasile\u00f1a desde su experiencia como cavaquinista y difusor de la m\u00fasica brasile\u00f1a en Per\u00fa.<\/p>\n<ul>\n<li>S\u00e1bado 20 de julio 19h: Una noche en Brasil con Roda Libre en Pan y Arte, Per\u00fa<\/li>\n<\/ul>\n","protected":false},"excerpt":{"rendered":"<p>Roda Libre es el \u00fanico grupo de Per\u00fa que trabaja un repertorio de m\u00fasica tradicional brasile\u00f1a. Tiene como prop\u00f3sito difundir la cultura brasile\u00f1a, por medio de la investigaci\u00f3n, producci\u00f3n, interpretaci\u00f3n y ejecuci\u00f3n musical de los diversos estilos de m\u00fasica contribuyendo a la innovaci\u00f3n del g\u00e9nero musical brasile\u00f1o. La propuesta explora ritmos como samba, frevo, maracat\u00fa, [&hellip;]<\/p>\n","protected":false},"author":7,"featured_media":19383,"comment_status":"closed","ping_status":"closed","sticky":false,"template":"","format":"standard","meta":{"footnotes":""},"categories":[53],"tags":[],"class_list":["post-19380","post","type-post","status-publish","format-standard","has-post-thumbnail","hentry","category-noticias-generales"],"lang":"es","translations":{"es":19380,"pt":19385},"pll_sync_post":[],"post_mailing_queue_ids":[],"_links":{"self":[{"href":"http:\/\/staging.ibermusicas.org\/index.php\/wp-json\/wp\/v2\/posts\/19380","targetHints":{"allow":["GET"]}}],"collection":[{"href":"http:\/\/staging.ibermusicas.org\/index.php\/wp-json\/wp\/v2\/posts"}],"about":[{"href":"http:\/\/staging.ibermusicas.org\/index.php\/wp-json\/wp\/v2\/types\/post"}],"author":[{"embeddable":true,"href":"http:\/\/staging.ibermusicas.org\/index.php\/wp-json\/wp\/v2\/users\/7"}],"replies":[{"embeddable":true,"href":"http:\/\/staging.ibermusicas.org\/index.php\/wp-json\/wp\/v2\/comments?post=19380"}],"version-history":[{"count":3,"href":"http:\/\/staging.ibermusicas.org\/index.php\/wp-json\/wp\/v2\/posts\/19380\/revisions"}],"predecessor-version":[{"id":19406,"href":"http:\/\/staging.ibermusicas.org\/index.php\/wp-json\/wp\/v2\/posts\/19380\/revisions\/19406"}],"wp:featuredmedia":[{"embeddable":true,"href":"http:\/\/staging.ibermusicas.org\/index.php\/wp-json\/wp\/v2\/media\/19383"}],"wp:attachment":[{"href":"http:\/\/staging.ibermusicas.org\/index.php\/wp-json\/wp\/v2\/media?parent=19380"}],"wp:term":[{"taxonomy":"category","embeddable":true,"href":"http:\/\/staging.ibermusicas.org\/index.php\/wp-json\/wp\/v2\/categories?post=19380"},{"taxonomy":"post_tag","embeddable":true,"href":"http:\/\/staging.ibermusicas.org\/index.php\/wp-json\/wp\/v2\/tags?post=19380"}],"curies":[{"name":"wp","href":"https:\/\/api.w.org\/{rel}","templated":true}]}}