{"id":19385,"date":"2024-07-08T15:51:18","date_gmt":"2024-07-08T15:51:18","guid":{"rendered":"http:\/\/staging.ibermusicas.org\/?p=19385"},"modified":"2024-08-01T19:07:01","modified_gmt":"2024-08-01T19:07:01","slug":"la-agrupacion-roda-libre-de-peru-fue-ganadora-del-premio-especial-brasil-ibermusicas-edicion-2023-2","status":"publish","type":"post","link":"http:\/\/staging.ibermusicas.org\/index.php\/la-agrupacion-roda-libre-de-peru-fue-ganadora-del-premio-especial-brasil-ibermusicas-edicion-2023-2\/","title":{"rendered":"Ir\u00e1 atuar o grupo peruano Roda Libre, vencedor do pr\u00e9mio especial Brasil Iberm\u00fasicas, edi\u00e7\u00e3o 2023"},"content":{"rendered":"<p dir=\"ltr\">O Roda Libre \u00e9 o \u00fanico grupo do Peru que trabalha com um repert\u00f3rio de m\u00fasica tradicional brasileira. Tem como objetivo difundir a cultura brasileira atrav\u00e9s da pesquisa, produ\u00e7\u00e3o, interpreta\u00e7\u00e3o e execu\u00e7\u00e3o musical de diversos estilos de, contribuindo para a inova\u00e7\u00e3o dos g\u00eaneros musicais brasileiros. A proposta explora ritmos como o samba, o frevo, o maracat\u00fa, o bai\u1fb6o, o forr\u00f3, etc., e compositores como Pixinguinha, Jacob do Bandolim, Chiquinha Gonzaga, entre outros, numa perspetiva motivada por um esp\u00edrito criativo e inovador.<\/p>\n<p dir=\"ltr\">O grupo \u00e9 composto por Luc\u00eda Seijas Garc\u00eda: flauta, sopros, arranjos, Paul Ch\u00e1vez: viol\u00e3o e \u00cdtalo Bracamonte: pandeiro, percuss\u00e3o, bateria; todos formados pelo Conservat\u00f3rio de Tatu\u00ed (SP-Brasil) em m\u00fasica erudita e popular.<\/p>\n<p dir=\"ltr\">Um dos principais objetivos de Roda Libre \u00e9 promover a cultura brasileira atrav\u00e9s da pesquisa, produ\u00e7\u00e3o, interpreta\u00e7\u00e3o e execu\u00e7\u00e3o musical de diferentes estilos. Tamb\u00e9m procura promover um novo espa\u00e7o orientado para actividades art\u00edsticas e culturais para reunir novos p\u00fablicos e partilhar um g\u00e9nero t\u00e3o pouco difundido no Peru. Al\u00e9m disso, busca incentivar v\u00ednculos com a cultura musical brasileira e suas correntes em diferentes palcos do mundo, para despertar a sensibilidade musical entre pessoas de pa\u00edses irm\u00e3os.<\/p>\n<p dir=\"ltr\">O grupo se prop\u00f5e a participar de encontros, master classes, oficinas de m\u00fasica brasileira e apresentar ao p\u00fablico o espet\u00e1culo intitulado \u00abHomenagem a Nico Larrea por Roda Libre\u00bb baseado no repert\u00f3rio do compositor peruano Nico Larrea, destacando a conce\u00e7\u00e3o da m\u00fasica brasileira a partir de sua experi\u00eancia como cavaquinista e divulgador da m\u00fasica brasileira no Peru.<\/p>\n<ul>\n<li dir=\"ltr\">S\u00e1bado 20 de julho 19h: Uma noite em Brasil con Roda Libre no Pan y Arte, Per\u00fa<\/li>\n<\/ul>\n","protected":false},"excerpt":{"rendered":"<p>O Roda Libre \u00e9 o \u00fanico grupo do Peru que trabalha com um repert\u00f3rio de m\u00fasica tradicional brasileira. Tem como objetivo difundir a cultura brasileira atrav\u00e9s da pesquisa, produ\u00e7\u00e3o, interpreta\u00e7\u00e3o e execu\u00e7\u00e3o musical de diversos estilos de, contribuindo para a inova\u00e7\u00e3o dos g\u00eaneros musicais brasileiros. A proposta explora ritmos como o samba, o frevo, o [&hellip;]<\/p>\n","protected":false},"author":7,"featured_media":19383,"comment_status":"closed","ping_status":"closed","sticky":false,"template":"","format":"standard","meta":{"footnotes":""},"categories":[218],"tags":[],"class_list":["post-19385","post","type-post","status-publish","format-standard","has-post-thumbnail","hentry","category-noticias-generales-pt"],"lang":"pt","translations":{"pt":19385,"es":19380},"pll_sync_post":[],"post_mailing_queue_ids":[],"_links":{"self":[{"href":"http:\/\/staging.ibermusicas.org\/index.php\/wp-json\/wp\/v2\/posts\/19385","targetHints":{"allow":["GET"]}}],"collection":[{"href":"http:\/\/staging.ibermusicas.org\/index.php\/wp-json\/wp\/v2\/posts"}],"about":[{"href":"http:\/\/staging.ibermusicas.org\/index.php\/wp-json\/wp\/v2\/types\/post"}],"author":[{"embeddable":true,"href":"http:\/\/staging.ibermusicas.org\/index.php\/wp-json\/wp\/v2\/users\/7"}],"replies":[{"embeddable":true,"href":"http:\/\/staging.ibermusicas.org\/index.php\/wp-json\/wp\/v2\/comments?post=19385"}],"version-history":[{"count":4,"href":"http:\/\/staging.ibermusicas.org\/index.php\/wp-json\/wp\/v2\/posts\/19385\/revisions"}],"predecessor-version":[{"id":19405,"href":"http:\/\/staging.ibermusicas.org\/index.php\/wp-json\/wp\/v2\/posts\/19385\/revisions\/19405"}],"wp:featuredmedia":[{"embeddable":true,"href":"http:\/\/staging.ibermusicas.org\/index.php\/wp-json\/wp\/v2\/media\/19383"}],"wp:attachment":[{"href":"http:\/\/staging.ibermusicas.org\/index.php\/wp-json\/wp\/v2\/media?parent=19385"}],"wp:term":[{"taxonomy":"category","embeddable":true,"href":"http:\/\/staging.ibermusicas.org\/index.php\/wp-json\/wp\/v2\/categories?post=19385"},{"taxonomy":"post_tag","embeddable":true,"href":"http:\/\/staging.ibermusicas.org\/index.php\/wp-json\/wp\/v2\/tags?post=19385"}],"curies":[{"name":"wp","href":"https:\/\/api.w.org\/{rel}","templated":true}]}}