{"id":19403,"date":"2024-07-12T12:48:40","date_gmt":"2024-07-12T12:48:40","guid":{"rendered":"http:\/\/staging.ibermusicas.org\/?p=19403"},"modified":"2024-08-01T19:06:53","modified_gmt":"2024-08-01T19:06:53","slug":"a-rede-de-tamboras-convoca-a-realizacao-de-uma-sondagem-para-a-elaboracao-de-um-mapeamento-dos-grupos-de-mulheres-e-dissidentes-de-tambores-na-america-latina-e-no-caribe","status":"publish","type":"post","link":"http:\/\/staging.ibermusicas.org\/index.php\/a-rede-de-tamboras-convoca-a-realizacao-de-uma-sondagem-para-a-elaboracao-de-um-mapeamento-dos-grupos-de-mulheres-e-dissidentes-de-tambores-na-america-latina-e-no-caribe\/","title":{"rendered":"A Rede de Tamboras convoca a realiza\u00e7\u00e3o de uma sondagem para a elabora\u00e7\u00e3o de um mapeamento dos grupos de mulheres e dissidentes de tambores na Am\u00e9rica Latina e no Caribe"},"content":{"rendered":"<p>Com o objetivo de reconhecer e tornar vis\u00edvel o trabalho musical, bem como as lutas e a\u00e7\u00f5es feministas que articulam e sustentam v\u00e1rios grupos de mulheres e dissidentes LBTIQ* na Am\u00e9rica Latina e no Caribe, a Red de Tamboras prop\u00f5e mapear o seguinte:<\/p>\n<p>&nbsp;<\/p>\n<ul>\n<li>Informa\u00e7\u00f5es sobre a localiza\u00e7\u00e3o geogr\u00e1fica dos grupos de percuss\u00e3o existentes na regi\u00e3o<\/li>\n<li>Ritmos e instrumentos musicais utilizados<\/li>\n<li>Lutas e a\u00e7\u00f5es coletivas contra o sistema patriarcal que s\u00e3o sustentadas pela percuss\u00e3o<\/li>\n<\/ul>\n<p>&nbsp;<\/p>\n<p>Posteriormente, ser\u00e1 criada uma plataforma digital para divulgar os resultados do mapeamento com perfis dos grupos, conte\u00fado educacional, tutoriais e produ\u00e7\u00f5es realizadas pela Rede de Tamboras.<\/p>\n<p>&nbsp;<\/p>\n<ul>\n<li>At\u00e9 15 de agosto, se pode preencher a pesquisa em: www.redtamboras.org<\/li>\n<li>Mais informa\u00e7\u00f5es em: info@redtamboras.org<\/li>\n<\/ul>\n<p>&nbsp;<\/p>\n","protected":false},"excerpt":{"rendered":"<p>Com o objetivo de reconhecer e tornar vis\u00edvel o trabalho musical, bem como as lutas e a\u00e7\u00f5es feministas que articulam e sustentam v\u00e1rios grupos de mulheres e dissidentes LBTIQ* na Am\u00e9rica Latina e no Caribe, a Red de Tamboras prop\u00f5e mapear o seguinte: &nbsp; Informa\u00e7\u00f5es sobre a localiza\u00e7\u00e3o geogr\u00e1fica dos grupos de percuss\u00e3o existentes na [&hellip;]<\/p>\n","protected":false},"author":7,"featured_media":19401,"comment_status":"closed","ping_status":"closed","sticky":false,"template":"","format":"standard","meta":{"footnotes":""},"categories":[218],"tags":[],"class_list":["post-19403","post","type-post","status-publish","format-standard","has-post-thumbnail","hentry","category-noticias-generales-pt"],"lang":"pt","translations":{"pt":19403,"es":19400},"pll_sync_post":[],"post_mailing_queue_ids":[],"_links":{"self":[{"href":"http:\/\/staging.ibermusicas.org\/index.php\/wp-json\/wp\/v2\/posts\/19403","targetHints":{"allow":["GET"]}}],"collection":[{"href":"http:\/\/staging.ibermusicas.org\/index.php\/wp-json\/wp\/v2\/posts"}],"about":[{"href":"http:\/\/staging.ibermusicas.org\/index.php\/wp-json\/wp\/v2\/types\/post"}],"author":[{"embeddable":true,"href":"http:\/\/staging.ibermusicas.org\/index.php\/wp-json\/wp\/v2\/users\/7"}],"replies":[{"embeddable":true,"href":"http:\/\/staging.ibermusicas.org\/index.php\/wp-json\/wp\/v2\/comments?post=19403"}],"version-history":[{"count":1,"href":"http:\/\/staging.ibermusicas.org\/index.php\/wp-json\/wp\/v2\/posts\/19403\/revisions"}],"predecessor-version":[{"id":19407,"href":"http:\/\/staging.ibermusicas.org\/index.php\/wp-json\/wp\/v2\/posts\/19403\/revisions\/19407"}],"wp:featuredmedia":[{"embeddable":true,"href":"http:\/\/staging.ibermusicas.org\/index.php\/wp-json\/wp\/v2\/media\/19401"}],"wp:attachment":[{"href":"http:\/\/staging.ibermusicas.org\/index.php\/wp-json\/wp\/v2\/media?parent=19403"}],"wp:term":[{"taxonomy":"category","embeddable":true,"href":"http:\/\/staging.ibermusicas.org\/index.php\/wp-json\/wp\/v2\/categories?post=19403"},{"taxonomy":"post_tag","embeddable":true,"href":"http:\/\/staging.ibermusicas.org\/index.php\/wp-json\/wp\/v2\/tags?post=19403"}],"curies":[{"name":"wp","href":"https:\/\/api.w.org\/{rel}","templated":true}]}}