{"id":19408,"date":"2024-07-12T12:50:30","date_gmt":"2024-07-12T12:50:30","guid":{"rendered":"http:\/\/staging.ibermusicas.org\/?p=19408"},"modified":"2024-08-01T19:00:44","modified_gmt":"2024-08-01T19:00:44","slug":"como-resultado-de-su-residencia-en-cerro-colorado-la-cantante-y-compositora-uruguaya-melani-luraschi-presenta-su-nuevo-disco-y-un-documental","status":"publish","type":"post","link":"http:\/\/staging.ibermusicas.org\/index.php\/como-resultado-de-su-residencia-en-cerro-colorado-la-cantante-y-compositora-uruguaya-melani-luraschi-presenta-su-nuevo-disco-y-un-documental\/","title":{"rendered":"Como resultado de su residencia en Cerro Colorado, la cantante y compositora uruguaya Melan\u00ed Luraschi presenta su nuevo disco y un documental"},"content":{"rendered":"<p>La cantante y compositora uruguaya Melan\u00ed Luraschi lanz\u00f3 su nuevo disco, Je suis Nenette, creado entre febrero y marzo de 2024 en una residencia de creaci\u00f3n e investigaci\u00f3n realizada en la Casa Museo Atahualpa Yupanqui (Cerro Colorado, C\u00f3rdoba, Argentina) con el apoyo de Iberm\u00fasicas.<\/p>\n<p>&nbsp;<\/p>\n<p>Con producci\u00f3n de la propia Luraschi, el \u00e1lbum tiene como objetivo resignificar y revalorizar la figura de la pianista y compositora francesa Nenette Pepin Fitzpatrick, conocida tambi\u00e9n como Pablo del Cerro, seud\u00f3nimo que utilizaba para firmar en las canciones que compuso junto a Atahualpa Yupanqui, como \u201cLuna tucumana\u201d, \u201cEl arriero\u201d y \u201cEl alaz\u00e1n\u201d, entre otras.<\/p>\n<p>&nbsp;<\/p>\n<p>En este documental, la artista uruguaya muestra escenas del proceso creativo registradas durante la residencia, en medio de las sierras cordobesas.<\/p>\n<p>&nbsp;<\/p>\n<p><em>\u201cLa idea tanto del \u00e1lbum como del documental es que este proyecto nos deje pensando y nos haga preguntas, por eso el documental muestra momentos en Cerro Colorado y reflexiones de los presentes\u201d<\/em>, cuenta Luraschi. <em>\u201cMe gustar\u00eda presentarlo en conversatorios para que despu\u00e9s podamos seguir pensando en la figura de Nenette\u201d<\/em>.<\/p>\n<p>&nbsp;<\/p>\n<p>Melan\u00ed Luraschi es cantante, compositora, productora y poeta oriunda de Maldonado, Uruguay. Sus canciones de ra\u00edz rioplatense y latina son a veces m\u00e1s jazzeras y otras veces m\u00e1s pop. La artista le canta a la potencialidad de los cuerpos, a la paradoja de las fronteras, inspirada por las mil formas de los v\u00ednculos humanos y la inmensidad de la naturaleza. Escribe y canta en castellano, portugu\u00e9s y franc\u00e9s. Tiene editados dos discos de su autor\u00eda, un EP junto a Eduardo Larbanois y tres singles. Actualmente reside en Par\u00eds, por estudios musicales, y avanza con la producci\u00f3n de su tercer disco. Ha cantado en ciudades de Argentina, Brasil, Chile, Ecuador, Per\u00fa, Espa\u00f1a, Italia, Austria, Portugal y Francia. En paralelo a la m\u00fasica es coordinadora y creadora desde 2012 de un espacio vinculado a las artes esc\u00e9nicas, \u201cCamino de las aguas\u201d, en la ciudad de Maldonado, Uruguay, donde se realizan de forma ininterrumpida talleres para ni\u00f1os y ni\u00f1as.<\/p>\n<p>&nbsp;<\/p>\n<p>Link al disco Je suis Nenette en Spotify:<\/p>\n<p><a href=\"https:\/\/open.spotify.com\/intl-es\/album\/42PypQu942YfKhaWBpwOMb?si=mGTHOK2_RUe59bS-ETHZ3g\">https:\/\/open.spotify.com\/intl-es\/album\/42PypQu942YfKhaWBpwOMb?si=mGTHOK2_RUe59bS-ETHZ3g<\/a><\/p>\n<p>&nbsp;<\/p>\n<p>Documental: <a href=\"https:\/\/www.youtube.com\/watch?v=IT4wnxI-Qd0\">https:\/\/www.youtube.com\/watch?v=IT4wnxI-Qd0<\/a><\/p>\n","protected":false},"excerpt":{"rendered":"<p>La cantante y compositora uruguaya Melan\u00ed Luraschi lanz\u00f3 su nuevo disco, Je suis Nenette, creado entre febrero y marzo de 2024 en una residencia de creaci\u00f3n e investigaci\u00f3n realizada en la Casa Museo Atahualpa Yupanqui (Cerro Colorado, C\u00f3rdoba, Argentina) con el apoyo de Iberm\u00fasicas. &nbsp; Con producci\u00f3n de la propia Luraschi, el \u00e1lbum tiene como [&hellip;]<\/p>\n","protected":false},"author":7,"featured_media":19409,"comment_status":"closed","ping_status":"closed","sticky":false,"template":"","format":"standard","meta":{"footnotes":""},"categories":[53],"tags":[],"class_list":["post-19408","post","type-post","status-publish","format-standard","has-post-thumbnail","hentry","category-noticias-generales"],"lang":"es","translations":{"es":19408,"pt":19414},"pll_sync_post":[],"post_mailing_queue_ids":[],"_links":{"self":[{"href":"http:\/\/staging.ibermusicas.org\/index.php\/wp-json\/wp\/v2\/posts\/19408","targetHints":{"allow":["GET"]}}],"collection":[{"href":"http:\/\/staging.ibermusicas.org\/index.php\/wp-json\/wp\/v2\/posts"}],"about":[{"href":"http:\/\/staging.ibermusicas.org\/index.php\/wp-json\/wp\/v2\/types\/post"}],"author":[{"embeddable":true,"href":"http:\/\/staging.ibermusicas.org\/index.php\/wp-json\/wp\/v2\/users\/7"}],"replies":[{"embeddable":true,"href":"http:\/\/staging.ibermusicas.org\/index.php\/wp-json\/wp\/v2\/comments?post=19408"}],"version-history":[{"count":4,"href":"http:\/\/staging.ibermusicas.org\/index.php\/wp-json\/wp\/v2\/posts\/19408\/revisions"}],"predecessor-version":[{"id":19413,"href":"http:\/\/staging.ibermusicas.org\/index.php\/wp-json\/wp\/v2\/posts\/19408\/revisions\/19413"}],"wp:featuredmedia":[{"embeddable":true,"href":"http:\/\/staging.ibermusicas.org\/index.php\/wp-json\/wp\/v2\/media\/19409"}],"wp:attachment":[{"href":"http:\/\/staging.ibermusicas.org\/index.php\/wp-json\/wp\/v2\/media?parent=19408"}],"wp:term":[{"taxonomy":"category","embeddable":true,"href":"http:\/\/staging.ibermusicas.org\/index.php\/wp-json\/wp\/v2\/categories?post=19408"},{"taxonomy":"post_tag","embeddable":true,"href":"http:\/\/staging.ibermusicas.org\/index.php\/wp-json\/wp\/v2\/tags?post=19408"}],"curies":[{"name":"wp","href":"https:\/\/api.w.org\/{rel}","templated":true}]}}