{"id":19416,"date":"2024-07-12T13:10:02","date_gmt":"2024-07-12T13:10:02","guid":{"rendered":"http:\/\/staging.ibermusicas.org\/?p=19416"},"modified":"2024-08-01T19:00:50","modified_gmt":"2024-08-01T19:00:50","slug":"la-agrupacion-colombiana-indus-realizara-una-gira-por-canada","status":"publish","type":"post","link":"http:\/\/staging.ibermusicas.org\/index.php\/la-agrupacion-colombiana-indus-realizara-una-gira-por-canada\/","title":{"rendered":"La agrupaci\u00f3n colombiana Indus realizar\u00e1 una gira por Canad\u00e1"},"content":{"rendered":"<p>Indus Realizar\u00e1 una gira por Canad\u00e1 promocionando su nuevo disco. La gira abarcar\u00e1 las ciudades de Toronto, Montreal y Quebec City entre otras, con un total de cinco conciertos y una sesi\u00f3n de escucha y conversatorio<\/p>\n<p>&nbsp;<\/p>\n<p>El d\u00fao ha lanzado dos \u00e1lbumes (2020 y 2024) y cuatro sencillos (2020, 2021 y 2024) de manera independiente, as\u00ed como dos EP (2020 y 2022) con la disquera Palenque Records.<\/p>\n<p>&nbsp;<\/p>\n<p>Indus en vivo es una descarga de sintetizadores \u00e1cidos y percusi\u00f3n afro, una invitaci\u00f3n al baile y al trance a trav\u00e9s de los beats y la reinterpretaci\u00f3n de sonidos colombianos. La banda se ha presentado en escenarios importantes como Colombia al Parque y el Teatro Jorge Eliecer Gaitan (Bogot\u00e1, Colombia), Mutek (Montreal, Canad\u00e1), y m\u00e1s recientemente en los festivales Nuits Sonores (Lyon, Francia) y Fusion Festival (Berlin)<\/p>\n<p>&nbsp;<\/p>\n<ul>\n<li>13 de julio: Mixto festival, Toronto, Canad\u00e1<\/li>\n<li>14 de julio: FEQ, Quebec, Canad\u00e1<\/li>\n<li>20 de julio: Quai des brumes, Rimouski, Canad\u00e1<\/li>\n<li>25 de julio: Bains Publics &#8211; Cabaret culturel, coop de solidarit\u00e9, Gatineau, Canad\u00e1<\/li>\n<li>26 de julio: Le minist\u00e8re, Montr\u00e9al, Canad\u00e1<\/li>\n<li>27 de julio: Listening party, Montr\u00e9al, Canad\u00e1<\/li>\n<\/ul>\n","protected":false},"excerpt":{"rendered":"<p>Indus Realizar\u00e1 una gira por Canad\u00e1 promocionando su nuevo disco. La gira abarcar\u00e1 las ciudades de Toronto, Montreal y Quebec City entre otras, con un total de cinco conciertos y una sesi\u00f3n de escucha y conversatorio &nbsp; El d\u00fao ha lanzado dos \u00e1lbumes (2020 y 2024) y cuatro sencillos (2020, 2021 y 2024) de manera [&hellip;]<\/p>\n","protected":false},"author":7,"featured_media":19417,"comment_status":"closed","ping_status":"closed","sticky":false,"template":"","format":"standard","meta":{"footnotes":""},"categories":[53],"tags":[],"class_list":["post-19416","post","type-post","status-publish","format-standard","has-post-thumbnail","hentry","category-noticias-generales"],"lang":"es","translations":{"es":19416,"pt":19419},"pll_sync_post":[],"post_mailing_queue_ids":[],"_links":{"self":[{"href":"http:\/\/staging.ibermusicas.org\/index.php\/wp-json\/wp\/v2\/posts\/19416","targetHints":{"allow":["GET"]}}],"collection":[{"href":"http:\/\/staging.ibermusicas.org\/index.php\/wp-json\/wp\/v2\/posts"}],"about":[{"href":"http:\/\/staging.ibermusicas.org\/index.php\/wp-json\/wp\/v2\/types\/post"}],"author":[{"embeddable":true,"href":"http:\/\/staging.ibermusicas.org\/index.php\/wp-json\/wp\/v2\/users\/7"}],"replies":[{"embeddable":true,"href":"http:\/\/staging.ibermusicas.org\/index.php\/wp-json\/wp\/v2\/comments?post=19416"}],"version-history":[{"count":1,"href":"http:\/\/staging.ibermusicas.org\/index.php\/wp-json\/wp\/v2\/posts\/19416\/revisions"}],"predecessor-version":[{"id":19418,"href":"http:\/\/staging.ibermusicas.org\/index.php\/wp-json\/wp\/v2\/posts\/19416\/revisions\/19418"}],"wp:featuredmedia":[{"embeddable":true,"href":"http:\/\/staging.ibermusicas.org\/index.php\/wp-json\/wp\/v2\/media\/19417"}],"wp:attachment":[{"href":"http:\/\/staging.ibermusicas.org\/index.php\/wp-json\/wp\/v2\/media?parent=19416"}],"wp:term":[{"taxonomy":"category","embeddable":true,"href":"http:\/\/staging.ibermusicas.org\/index.php\/wp-json\/wp\/v2\/categories?post=19416"},{"taxonomy":"post_tag","embeddable":true,"href":"http:\/\/staging.ibermusicas.org\/index.php\/wp-json\/wp\/v2\/tags?post=19416"}],"curies":[{"name":"wp","href":"https:\/\/api.w.org\/{rel}","templated":true}]}}