{"id":19419,"date":"2024-07-12T13:11:27","date_gmt":"2024-07-12T13:11:27","guid":{"rendered":"http:\/\/staging.ibermusicas.org\/?p=19419"},"modified":"2024-08-01T19:06:41","modified_gmt":"2024-08-01T19:06:41","slug":"a-banda-colombiana-indus-fara-uma-digressao-pelo-canada","status":"publish","type":"post","link":"http:\/\/staging.ibermusicas.org\/index.php\/a-banda-colombiana-indus-fara-uma-digressao-pelo-canada\/","title":{"rendered":"A banda colombiana Indus far\u00e1 uma digress\u00e3o pelo Canad\u00e1"},"content":{"rendered":"<p>Os Indus v\u00e3o fazer uma digress\u00e3o pelo Canad\u00e1 para promover o seu novo \u00e1lbum. A digress\u00e3o passar\u00e1 por Toronto, Montreal e Quebec City, entre outras, com um total de cinco concertos e uma sess\u00e3o de audi\u00e7\u00e3o e discuss\u00e3o.<\/p>\n<p>&nbsp;<\/p>\n<p>A dupla j\u00e1 lan\u00e7ou dois \u00e1lbuns (2020 e 2024) e quatro singles (2020, 2021 e 2024) de forma independente, bem como dois EPs (2020 e 2022) pela Palenque Records.<\/p>\n<p>&nbsp;<\/p>\n<p>Indus live \u00e9 um download de sintetizadores \u00e1cidos e percuss\u00e3o afro, um convite \u00e0 dan\u00e7a e ao transe atrav\u00e9s de batidas e da reinterpreta\u00e7\u00e3o de sons colombianos. A banda j\u00e1 se apresentou em importantes espa\u00e7os como Colombia al Parque e Teatro Jorge Eliecer Gaitan (Bogot\u00e1, Col\u00f4mbia), Mutek (Montreal, Canad\u00e1), e mais recentemente no Nuits Sonores (Lyon, Fran\u00e7a) e Fusion Festival (Berlim).<\/p>\n<p>&nbsp;<\/p>\n<ul>\n<li>13 de julho: Mixed festival, Toronto, Canad\u00e1<\/li>\n<li>14 de julho: FEQ, Quebec, Canad\u00e1<\/li>\n<li>20 de julho: Quai des brumes, Rimouski, Canad\u00e1<\/li>\n<li>25 julho: Bains Publics &#8211; Cabaret culturel, coop de solidarit\u00e9, Gatineau, Canad\u00e1<\/li>\n<li>26 de julho: Le minist\u00e8re, Montr\u00e9al, Canad\u00e1<\/li>\n<li>27 de julho: Festa de audi\u00e7\u00e3o, Montr\u00e9al, Canad\u00e1<\/li>\n<\/ul>\n","protected":false},"excerpt":{"rendered":"<p>Os Indus v\u00e3o fazer uma digress\u00e3o pelo Canad\u00e1 para promover o seu novo \u00e1lbum. A digress\u00e3o passar\u00e1 por Toronto, Montreal e Quebec City, entre outras, com um total de cinco concertos e uma sess\u00e3o de audi\u00e7\u00e3o e discuss\u00e3o. &nbsp; A dupla j\u00e1 lan\u00e7ou dois \u00e1lbuns (2020 e 2024) e quatro singles (2020, 2021 e 2024) [&hellip;]<\/p>\n","protected":false},"author":7,"featured_media":19417,"comment_status":"closed","ping_status":"closed","sticky":false,"template":"","format":"standard","meta":{"footnotes":""},"categories":[218],"tags":[],"class_list":["post-19419","post","type-post","status-publish","format-standard","has-post-thumbnail","hentry","category-noticias-generales-pt"],"lang":"pt","translations":{"pt":19419,"es":19416},"pll_sync_post":[],"post_mailing_queue_ids":[],"_links":{"self":[{"href":"http:\/\/staging.ibermusicas.org\/index.php\/wp-json\/wp\/v2\/posts\/19419","targetHints":{"allow":["GET"]}}],"collection":[{"href":"http:\/\/staging.ibermusicas.org\/index.php\/wp-json\/wp\/v2\/posts"}],"about":[{"href":"http:\/\/staging.ibermusicas.org\/index.php\/wp-json\/wp\/v2\/types\/post"}],"author":[{"embeddable":true,"href":"http:\/\/staging.ibermusicas.org\/index.php\/wp-json\/wp\/v2\/users\/7"}],"replies":[{"embeddable":true,"href":"http:\/\/staging.ibermusicas.org\/index.php\/wp-json\/wp\/v2\/comments?post=19419"}],"version-history":[{"count":1,"href":"http:\/\/staging.ibermusicas.org\/index.php\/wp-json\/wp\/v2\/posts\/19419\/revisions"}],"predecessor-version":[{"id":19420,"href":"http:\/\/staging.ibermusicas.org\/index.php\/wp-json\/wp\/v2\/posts\/19419\/revisions\/19420"}],"wp:featuredmedia":[{"embeddable":true,"href":"http:\/\/staging.ibermusicas.org\/index.php\/wp-json\/wp\/v2\/media\/19417"}],"wp:attachment":[{"href":"http:\/\/staging.ibermusicas.org\/index.php\/wp-json\/wp\/v2\/media?parent=19419"}],"wp:term":[{"taxonomy":"category","embeddable":true,"href":"http:\/\/staging.ibermusicas.org\/index.php\/wp-json\/wp\/v2\/categories?post=19419"},{"taxonomy":"post_tag","embeddable":true,"href":"http:\/\/staging.ibermusicas.org\/index.php\/wp-json\/wp\/v2\/tags?post=19419"}],"curies":[{"name":"wp","href":"https:\/\/api.w.org\/{rel}","templated":true}]}}