{"id":19429,"date":"2024-07-12T13:40:21","date_gmt":"2024-07-12T13:40:21","guid":{"rendered":"http:\/\/staging.ibermusicas.org\/?p=19429"},"modified":"2024-08-01T19:06:29","modified_gmt":"2024-08-01T19:06:29","slug":"o-grupo-brasileiro-mandale-mecha-continua-a-sua-extensa-digressao-europeia-com-actuacoes-em-portugal","status":"publish","type":"post","link":"http:\/\/staging.ibermusicas.org\/index.php\/o-grupo-brasileiro-mandale-mecha-continua-a-sua-extensa-digressao-europeia-com-actuacoes-em-portugal\/","title":{"rendered":"O grupo brasileiro \u00abMandale Mecha\u00bb continua a sua extensa digress\u00e3o europeia com actua\u00e7\u00f5es em Portugal"},"content":{"rendered":"<p>Com um repert\u00f3rio enriquecido por letras que se desdobram nos idiomas portugu\u00eas, espanhol e ingl\u00eas, Mandale Mecha apresenta uma proposta musical verdadeiramente multicultural e contempor\u00e2nea. Mandale Mecha nasceu em 2019, em Florian\u00f3polis\/SC. Seus integrantes s\u00e3o m\u00fasicos atuantes na cena brasileira h\u00e1 mais de 10 anos: liderada pela frontwoman argentina Michu M\u00e9ndez (da Petit Mort de Buenos Aires, residente em Florian\u00f3polis\/SC) no vocal, Chico Abreu (da banda Skrotes de Florian\u00f3polis\/SC) no baixo e synth bass, e Gustavo Koshikumo (de Ekena de S\u00e3o Carlos\/SP) na guitarra e computador. Em parceria com o selo espanhol Raso Est\u00fadio e a distribuidora Altafonte Espanha, o grupo j\u00e1 lan\u00e7ou mais de 40 m\u00fasicas durante a pandemia, em 3 \u00e1lbuns: \u00abFicken und kiffen\u00bb (2020), \u00abMaracuy\u00e1 azedo\u00bb e \u00abMaracuy\u00e1 doce\u00bb (2022), uma s\u00e9rie de singles em 2021 e 5 feats\/colabora\u00e7\u00f5es . A banda ultrapassou dois milh\u00f5es de streams no Spotify, uma das principais plataformas digitais. Se destacam o poderoso hino feminista latinoamericano \u00abEl Sol\u00bb, com participa\u00e7\u00e3o do grupo Mulamba de Curitiba, e o sensual \u00abD\u00eda de Suerte\u00bb.<\/p>\n<p>&nbsp;<\/p>\n<p>Mandale Mecha se prop\u00f5e a entregar a cada show uma experi\u00eancia ao vivo que transcende fronteiras e g\u00eaneros, com todos seus hits e muita energia contagiante, convidando o p\u00fablico a dan\u00e7ar, pular e a se deixar envolver pela explos\u00e3o sonora com a cativante presen\u00e7a de palco da argentina Michu, de forma a proporcionar uma experi\u00eancia \u00fanica e memor\u00e1vel para o seu p\u00fablico. Cada espet\u00e1culo \u00e9 um aut\u00eantico caldeir\u00e3o de influ\u00eancias que v\u00e3o desde a tropical new wave ao contagiante pop latino, passando pela eletrizante m\u00fasica eletr\u00f4nica, a sensualidade do jazz, e a atitude combativa do hip hop e rock.<\/p>\n<p>&nbsp;<\/p>\n<p>Este projeto foi premiado pelo Programa Iberm\u00fasicas na linha de Ajudas ao Sector Musical para a Circula\u00e7\u00e3o, convocat\u00f3ria 2023.<\/p>\n<p>&nbsp;<\/p>\n<ul>\n<li>20 de julho: Festival M, Coimbra, portugal<\/li>\n<li>21 de julho: Piolho Bar, Praia do Tocha, Portugal<\/li>\n<\/ul>\n","protected":false},"excerpt":{"rendered":"<p>Com um repert\u00f3rio enriquecido por letras que se desdobram nos idiomas portugu\u00eas, espanhol e ingl\u00eas, Mandale Mecha apresenta uma proposta musical verdadeiramente multicultural e contempor\u00e2nea. Mandale Mecha nasceu em 2019, em Florian\u00f3polis\/SC. Seus integrantes s\u00e3o m\u00fasicos atuantes na cena brasileira h\u00e1 mais de 10 anos: liderada pela frontwoman argentina Michu M\u00e9ndez (da Petit Mort de [&hellip;]<\/p>\n","protected":false},"author":7,"featured_media":19427,"comment_status":"closed","ping_status":"closed","sticky":false,"template":"","format":"standard","meta":{"footnotes":""},"categories":[218],"tags":[],"class_list":["post-19429","post","type-post","status-publish","format-standard","has-post-thumbnail","hentry","category-noticias-generales-pt"],"lang":"pt","translations":{"pt":19429,"es":19426},"pll_sync_post":[],"post_mailing_queue_ids":[],"_links":{"self":[{"href":"http:\/\/staging.ibermusicas.org\/index.php\/wp-json\/wp\/v2\/posts\/19429","targetHints":{"allow":["GET"]}}],"collection":[{"href":"http:\/\/staging.ibermusicas.org\/index.php\/wp-json\/wp\/v2\/posts"}],"about":[{"href":"http:\/\/staging.ibermusicas.org\/index.php\/wp-json\/wp\/v2\/types\/post"}],"author":[{"embeddable":true,"href":"http:\/\/staging.ibermusicas.org\/index.php\/wp-json\/wp\/v2\/users\/7"}],"replies":[{"embeddable":true,"href":"http:\/\/staging.ibermusicas.org\/index.php\/wp-json\/wp\/v2\/comments?post=19429"}],"version-history":[{"count":1,"href":"http:\/\/staging.ibermusicas.org\/index.php\/wp-json\/wp\/v2\/posts\/19429\/revisions"}],"predecessor-version":[{"id":19430,"href":"http:\/\/staging.ibermusicas.org\/index.php\/wp-json\/wp\/v2\/posts\/19429\/revisions\/19430"}],"wp:featuredmedia":[{"embeddable":true,"href":"http:\/\/staging.ibermusicas.org\/index.php\/wp-json\/wp\/v2\/media\/19427"}],"wp:attachment":[{"href":"http:\/\/staging.ibermusicas.org\/index.php\/wp-json\/wp\/v2\/media?parent=19429"}],"wp:term":[{"taxonomy":"category","embeddable":true,"href":"http:\/\/staging.ibermusicas.org\/index.php\/wp-json\/wp\/v2\/categories?post=19429"},{"taxonomy":"post_tag","embeddable":true,"href":"http:\/\/staging.ibermusicas.org\/index.php\/wp-json\/wp\/v2\/tags?post=19429"}],"curies":[{"name":"wp","href":"https:\/\/api.w.org\/{rel}","templated":true}]}}