{"id":19441,"date":"2024-07-12T14:23:02","date_gmt":"2024-07-12T14:23:02","guid":{"rendered":"http:\/\/staging.ibermusicas.org\/?p=19441"},"modified":"2024-08-01T19:01:14","modified_gmt":"2024-08-01T19:01:14","slug":"socorro-lira-presenta-su-espectaculo-dharma-gira-europa-2024","status":"publish","type":"post","link":"http:\/\/staging.ibermusicas.org\/index.php\/socorro-lira-presenta-su-espectaculo-dharma-gira-europa-2024\/","title":{"rendered":"Socorro Lira presenta su espect\u00e1culo Dharma, gira Europa 2024"},"content":{"rendered":"<p>La multiartista brasile\u00f1a Socorro Lira volver\u00e1 a Europa en 2024 con el apoyo de Iberm\u00fasicas para presentar su nuevo espect\u00e1culo, Dharma, en formato de voz y guitarra. Adem\u00e1s de la gira, Lira participar\u00e1 en actividades de inmersi\u00f3n e intercambio cultural en pa\u00edses como Portugal, Espa\u00f1a y Dinamarca.<\/p>\n<p>&nbsp;<\/p>\n<p>El espect\u00e1culo Dharma recoge el repertorio del \u00e1lbum del mismo nombre (realizado con fondos del Proc LAB 2022 de la Secretar\u00eda de Cultura y Econom\u00eda Creativa del Estado de S\u00e3o Paulo) e incluye varias apariciones especiales en los trece temas, once de los cuales fueron compuestos en colaboraci\u00f3n con Ana Costa, Chico C\u00e9sar, Jorge Ribbas, N\u00e1 Ozzetti, Ricardo Vignini, Z\u00e9lia Duncan, Jos\u00e9 Eduardo Agualusa, Cecilia Beraba, C\u00e1tia de Fran\u00e7a, Patr\u00edcia Bastos, Isadora Titto, Fabr\u00edcio Mascate y Phil Santos. El tema Como el Amor es el \u00fanico en el que Socorro Lira firma letra y m\u00fasica y aparece dos veces en el \u00e1lbum digital, con una versi\u00f3n en espa\u00f1ol al final. Dharma es una invitaci\u00f3n a sumergirse en las profundidades del alma<\/p>\n<p>&nbsp;<\/p>\n<p>Socorro Lira es una artista m\u00faltiple. Natural de Paraiba, vive en S\u00e3o Paulo desde 2004. Es licenciada en Psicolog\u00eda Social. Compositora, cantante, escritora y productora cultural, su discograf\u00eda incluye 15 \u00e1lbumes, 1 DVD y varios singles.<\/p>\n<p>&nbsp;<\/p>\n<p>Su trabajo ha servido de plataforma para diversos proyectos que reivindican un espacio para la expresi\u00f3n de las voces de artistas del Brasil profundo y especialmente de mujeres.<\/p>\n<p>&nbsp;<\/p>\n<p>En literatura, su lanzamiento m\u00e1s reciente es la novela Falar dos Meus Amores Invis\u00edveis (2023). Como productora, ha creado proyectos como el Premio Gr\u00e3o de M\u00fasica y, como activista, cofund\u00f3 la Asociaci\u00f3n Cultural Mata Branca, en Brejo do Cruz (PB).<\/p>\n<p>&nbsp;<\/p>\n<p>En el \u00e1mbito audiovisual, es licenciada en Gui\u00f3n y Producci\u00f3n Audiovisual. Estudi\u00f3 cine y direcci\u00f3n en la AIC de S\u00e3o Paulo y en la EICTV de Cuba. Produjo y dirigi\u00f3 los cortometrajes Aqui Tem Coco &#8211; Um dia em Caiana dos Crioulos y Zefa.<\/p>\n<p>&nbsp;<\/p>\n<ul>\n<li>18 de julio, 21.30 h: Dharma Show. Almac\u00e9n 8, Rua do Electricista n\u00ba 8, PITE, \u00c9vora, Portugal<\/li>\n<li>27 de julio, 20:00 h: Dharma Show en las Fiestas del Ap\u00f3stol 2024, con la participaci\u00f3n de S\u00e9rgio Tannus. Praza de Mazarelos, Santiago de Compostela, Galicia, Espa\u00f1a<\/li>\n<li>3 de agosto, 20.00 h: Espect\u00e1culo Dharma, con Arthus Fochi. Literaturhaus Kobenhavn, Copenhague, Dinamarca<\/li>\n<li>4 de agosto, 17.00 h: Concierto Dharma, con Arthus Fochi. Literaturhaus Kobenhavn, Copenhague, Dinamarca<\/li>\n<\/ul>\n","protected":false},"excerpt":{"rendered":"<p>La multiartista brasile\u00f1a Socorro Lira volver\u00e1 a Europa en 2024 con el apoyo de Iberm\u00fasicas para presentar su nuevo espect\u00e1culo, Dharma, en formato de voz y guitarra. Adem\u00e1s de la gira, Lira participar\u00e1 en actividades de inmersi\u00f3n e intercambio cultural en pa\u00edses como Portugal, Espa\u00f1a y Dinamarca. &nbsp; El espect\u00e1culo Dharma recoge el repertorio del [&hellip;]<\/p>\n","protected":false},"author":7,"featured_media":19442,"comment_status":"closed","ping_status":"closed","sticky":false,"template":"","format":"standard","meta":{"footnotes":""},"categories":[53],"tags":[],"class_list":["post-19441","post","type-post","status-publish","format-standard","has-post-thumbnail","hentry","category-noticias-generales"],"lang":"es","translations":{"es":19441,"pt":19444},"pll_sync_post":[],"post_mailing_queue_ids":[],"_links":{"self":[{"href":"http:\/\/staging.ibermusicas.org\/index.php\/wp-json\/wp\/v2\/posts\/19441","targetHints":{"allow":["GET"]}}],"collection":[{"href":"http:\/\/staging.ibermusicas.org\/index.php\/wp-json\/wp\/v2\/posts"}],"about":[{"href":"http:\/\/staging.ibermusicas.org\/index.php\/wp-json\/wp\/v2\/types\/post"}],"author":[{"embeddable":true,"href":"http:\/\/staging.ibermusicas.org\/index.php\/wp-json\/wp\/v2\/users\/7"}],"replies":[{"embeddable":true,"href":"http:\/\/staging.ibermusicas.org\/index.php\/wp-json\/wp\/v2\/comments?post=19441"}],"version-history":[{"count":1,"href":"http:\/\/staging.ibermusicas.org\/index.php\/wp-json\/wp\/v2\/posts\/19441\/revisions"}],"predecessor-version":[{"id":19443,"href":"http:\/\/staging.ibermusicas.org\/index.php\/wp-json\/wp\/v2\/posts\/19441\/revisions\/19443"}],"wp:featuredmedia":[{"embeddable":true,"href":"http:\/\/staging.ibermusicas.org\/index.php\/wp-json\/wp\/v2\/media\/19442"}],"wp:attachment":[{"href":"http:\/\/staging.ibermusicas.org\/index.php\/wp-json\/wp\/v2\/media?parent=19441"}],"wp:term":[{"taxonomy":"category","embeddable":true,"href":"http:\/\/staging.ibermusicas.org\/index.php\/wp-json\/wp\/v2\/categories?post=19441"},{"taxonomy":"post_tag","embeddable":true,"href":"http:\/\/staging.ibermusicas.org\/index.php\/wp-json\/wp\/v2\/tags?post=19441"}],"curies":[{"name":"wp","href":"https:\/\/api.w.org\/{rel}","templated":true}]}}