{"id":19463,"date":"2024-07-12T14:49:20","date_gmt":"2024-07-12T14:49:20","guid":{"rendered":"http:\/\/staging.ibermusicas.org\/?p=19463"},"modified":"2024-08-01T19:05:58","modified_gmt":"2024-08-01T19:05:58","slug":"andrea-ernest-dias-quarteto-celebra-a-musicalidade-afro-brasileira-no-show-uma-roda-para-moacir-santos","status":"publish","type":"post","link":"http:\/\/staging.ibermusicas.org\/index.php\/andrea-ernest-dias-quarteto-celebra-a-musicalidade-afro-brasileira-no-show-uma-roda-para-moacir-santos\/","title":{"rendered":"Andrea Ernest Dias Quarteto celebra a musicalidade afro-brasileira no show \u00abUma Roda para Moacir Santos\u00bb"},"content":{"rendered":"<p>Uma Roda para Moacir Santos foi concebida a partir da pesquisa da bi\u00f3grafa de Moacir Santos e flautista Andrea Ernest Dias, que recebeu o manuscrito in\u00e9dito da toada-afro \u00abRei dos Palmares\u00bb em um caderno de anota\u00e7\u00f5es que Moacir Santos desenvolveu para a trilha sonora do filme Ganga Zumba (1963), de Cac\u00e1 Diegues. A obra foi inspira\u00e7\u00e3o para o show e integra o repert\u00f3rio, com um arranjo exclusivo do baixista Miguel Dias, com m\u00fasicas que fundaram o estilo afro-jazz\u00edstico de Moacir Santos.<\/p>\n<p>&nbsp;<\/p>\n<p>Al\u00e9m de \u201cRei dos Palmares\u201d, as m\u00fasicas \u201cCoisa n.5 \u2013 Nan\u00e3\u201d, \u201cCoisa n.4\u201d, \u201cCoisa n. 9\u201d e \u201cM\u00e3e Iracema\u201d tamb\u00e9m est\u00e3o na Roda. Estas m\u00fasicas foram inclu\u00eddas em sua premiada discografia, com destaque para os LP Coisas (Forma,1965) e The Maestro (Blue Note, 1972) e o CD Ouro Negro (Universal, 2001).<\/p>\n<p>&nbsp;<\/p>\n<p>A flautista concebeu o roteiro musical do show fazendo de Moacir Santos o anfitri\u00e3o de uma grande roda musical na qual ser\u00e3o ouvidos toques para os orix\u00e1s, o afox\u00e9, o jongo, a corima, o samba-de-roda, o choro, o maracatu, o samba, o rap e o funk. Com Dire\u00e7\u00e3o C\u00eanica de \u00c9dio Nunes, ilumina\u00e7\u00e3o de Lucas Barbalho e proje\u00e7\u00f5es de Caco Chagas, o show mescla em diversos momentos imagens e texturas que valorizam ainda mais a sonoridade do repert\u00f3rio. Al\u00e9m de Andrea Ernest Dias, o Quarteto \u00e9 formado por Pedro Carneiro Silva (piano\/teclado), Miguel Dias (baixo e arranjo) e Felipe Larrosa Moura (bateria).<\/p>\n<p>&nbsp;<\/p>\n<p>Desde o in\u00edcio dos anos 80, a flautista carioca Andrea Ernest Dias \u00e9 presen\u00e7a constante nos palcos e na discografia da MPB, da m\u00fasica sinf\u00f4nica e da m\u00fasica de c\u00e2mara brasileiras. Nesta forma\u00e7\u00e3o, a flautista convidou novos e talentosos nomes da cena musical brasileira.<\/p>\n<p>&nbsp;<\/p>\n<p>Andrea Ernest Dias \u00e9 Doutora em M\u00fasica pela Universidade Federal da Bahia defendeu a tese Mais \u2018Coisas\u2019 sobre Moacir Santos, ou os Caminhos de um M\u00fasico Brasileiro; e Mestre em Flauta pela UFRJ, com a disserta\u00e7\u00e3o A Express\u00e3o da Flauta Popular Brasileira \u2013 Uma Escola de Interpreta\u00e7\u00e3o, e Bacharel em Flauta pela Universidade de Bras\u00edlia. \u00c9 autora do livro \u00abMoacir Santos, ou os Caminhos de um M\u00fasico Brasileiro\u00bb (Editora Folha Seca \/CEPE, 2014-2016), fruto de sua tese de doutorado sobre o compositor.<\/p>\n<p>&nbsp;<\/p>\n<p>O pernambucano Moacir Santos chegou ao Rio de Janeiro em 1948, com 22 anos de idade, e logo foi trabalhar na R\u00e1dio Nacional como saxofonista. Apesar de reconhecido internacionalmente e reverenciado por compositores como Vin\u00edcius de Moraes, Moacir Santos ainda \u00e9 pouco conhecido do p\u00fablico em geral. O projeto busca contribuir na divulga\u00e7\u00e3o desse importante artista<\/p>\n<p>brasileiro, bem como de sua musicalidade \u00edmpar.<\/p>\n<p>&nbsp;<\/p>\n<ul>\n<li>21 de julho, 17h30, Concerto no Museu Amadeo de Souza-Cardoso, Amarante\/Portugal<\/li>\n<li>20 de julho, 14h, Workshop no Centro Cultural de Amarante &#8211; Amarante\/Portugal<\/li>\n<\/ul>\n","protected":false},"excerpt":{"rendered":"<p>Uma Roda para Moacir Santos foi concebida a partir da pesquisa da bi\u00f3grafa de Moacir Santos e flautista Andrea Ernest Dias, que recebeu o manuscrito in\u00e9dito da toada-afro \u00abRei dos Palmares\u00bb em um caderno de anota\u00e7\u00f5es que Moacir Santos desenvolveu para a trilha sonora do filme Ganga Zumba (1963), de Cac\u00e1 Diegues. A obra foi [&hellip;]<\/p>\n","protected":false},"author":7,"featured_media":19461,"comment_status":"closed","ping_status":"closed","sticky":false,"template":"","format":"standard","meta":{"footnotes":""},"categories":[218],"tags":[],"class_list":["post-19463","post","type-post","status-publish","format-standard","has-post-thumbnail","hentry","category-noticias-generales-pt"],"lang":"pt","translations":{"pt":19463,"es":19460},"pll_sync_post":[],"post_mailing_queue_ids":[],"_links":{"self":[{"href":"http:\/\/staging.ibermusicas.org\/index.php\/wp-json\/wp\/v2\/posts\/19463","targetHints":{"allow":["GET"]}}],"collection":[{"href":"http:\/\/staging.ibermusicas.org\/index.php\/wp-json\/wp\/v2\/posts"}],"about":[{"href":"http:\/\/staging.ibermusicas.org\/index.php\/wp-json\/wp\/v2\/types\/post"}],"author":[{"embeddable":true,"href":"http:\/\/staging.ibermusicas.org\/index.php\/wp-json\/wp\/v2\/users\/7"}],"replies":[{"embeddable":true,"href":"http:\/\/staging.ibermusicas.org\/index.php\/wp-json\/wp\/v2\/comments?post=19463"}],"version-history":[{"count":1,"href":"http:\/\/staging.ibermusicas.org\/index.php\/wp-json\/wp\/v2\/posts\/19463\/revisions"}],"predecessor-version":[{"id":19464,"href":"http:\/\/staging.ibermusicas.org\/index.php\/wp-json\/wp\/v2\/posts\/19463\/revisions\/19464"}],"wp:featuredmedia":[{"embeddable":true,"href":"http:\/\/staging.ibermusicas.org\/index.php\/wp-json\/wp\/v2\/media\/19461"}],"wp:attachment":[{"href":"http:\/\/staging.ibermusicas.org\/index.php\/wp-json\/wp\/v2\/media?parent=19463"}],"wp:term":[{"taxonomy":"category","embeddable":true,"href":"http:\/\/staging.ibermusicas.org\/index.php\/wp-json\/wp\/v2\/categories?post=19463"},{"taxonomy":"post_tag","embeddable":true,"href":"http:\/\/staging.ibermusicas.org\/index.php\/wp-json\/wp\/v2\/tags?post=19463"}],"curies":[{"name":"wp","href":"https:\/\/api.w.org\/{rel}","templated":true}]}}