{"id":19467,"date":"2024-07-12T16:36:46","date_gmt":"2024-07-12T16:36:46","guid":{"rendered":"http:\/\/staging.ibermusicas.org\/?p=19467"},"modified":"2024-08-01T19:02:19","modified_gmt":"2024-08-01T19:02:19","slug":"el-ensamble-mexicano-de-guitarras-cuarteto-orishas-presentara-danza-non-danza-en-colombia","status":"publish","type":"post","link":"http:\/\/staging.ibermusicas.org\/index.php\/el-ensamble-mexicano-de-guitarras-cuarteto-orishas-presentara-danza-non-danza-en-colombia\/","title":{"rendered":"El Ensamble Mexicano de Guitarras Cuarteto Orishas Presentar\u00e1 \u00abDanza non Danza\u00bb en Colombia"},"content":{"rendered":"<p>El reconocido ensamble mexicano de guitarras Cuarteto Orishas se prepara para llevar a cabo una serie de conciertos en las ciudades de Cali y Bogot\u00e1, en Colombia, como parte de su innovador proyecto \u00abDanza non Danza\u00bb. Fundado en 2007, el cuarteto ha mantenido una destacada trayectoria art\u00edstica, consolid\u00e1ndose como referente en el \u00e1mbito musical.<\/p>\n<p>&nbsp;<\/p>\n<p>Con una agenda que abarca presentaciones en todo el territorio nacional de M\u00e9xico, el Cuarteto Orishas ha trascendido fronteras, cautivando audiencias en diversos pa\u00edses como Espa\u00f1a, Cuba, Holanda, Costa Rica, Austria, Italia, entre otros.<\/p>\n<p>&nbsp;<\/p>\n<p>Con su s\u00f3lida experiencia y su compromiso con la excelencia art\u00edstica, el Cuarteto Orishas se posiciona como un embajador cultural, llevando consigo la riqueza y la diversidad de la m\u00fasica mexicana a escenarios internacionales. Los conciertos en Cali y Bogot\u00e1 prometen ser un encuentro memorable entre la m\u00fasica y el p\u00fablico colombiano, en un intercambio cultural que traspasa fronteras y enriquece el panorama musical de la regi\u00f3n.<\/p>\n<p>&nbsp;<\/p>\n<ul>\n<li>Martes 23 julio, 15h: Clase magistral en Sala de la Cultura Mar\u00eda Isabel Reyes Guti\u00e9rrez, Universidad Pedag\u00f3gica Nacional, Bogot\u00e1, Colombia<\/li>\n<li>Martes 23 julio, 19h: Concierto en Sala de la Cultura Mar\u00eda Isabel Reyes Guti\u00e9rrez, Universidad Pedag\u00f3gica Nacional, Bogot\u00e1, Colombia<\/li>\n<li>Mi\u00e9rcoles 24 julio, 10h: Clase magistral en Campus El Nogal, Facultad de Bellas Artes (calle 78 n.\u00b0 9-92) Bogot\u00e1, Colombia<\/li>\n<li>Mi\u00e9rcoles 24 julio, 18h: Concierto en Sala de la Cultura Mar\u00eda Isabel Reyes Guti\u00e9rrez, Universidad Pedag\u00f3gica Nacional, Bogot\u00e1, Colombia<\/li>\n<li>Viernes 26 julio, 19h: Concierto en Casa Gentil (Calle 66a #15-37) Bogot\u00e1, Colombia<\/li>\n<\/ul>\n","protected":false},"excerpt":{"rendered":"<p>El reconocido ensamble mexicano de guitarras Cuarteto Orishas se prepara para llevar a cabo una serie de conciertos en las ciudades de Cali y Bogot\u00e1, en Colombia, como parte de su innovador proyecto \u00abDanza non Danza\u00bb. Fundado en 2007, el cuarteto ha mantenido una destacada trayectoria art\u00edstica, consolid\u00e1ndose como referente en el \u00e1mbito musical. &nbsp; [&hellip;]<\/p>\n","protected":false},"author":7,"featured_media":19468,"comment_status":"closed","ping_status":"closed","sticky":false,"template":"","format":"standard","meta":{"footnotes":""},"categories":[53],"tags":[],"class_list":["post-19467","post","type-post","status-publish","format-standard","has-post-thumbnail","hentry","category-noticias-generales"],"lang":"es","translations":{"es":19467,"pt":19470},"pll_sync_post":[],"post_mailing_queue_ids":[],"_links":{"self":[{"href":"http:\/\/staging.ibermusicas.org\/index.php\/wp-json\/wp\/v2\/posts\/19467","targetHints":{"allow":["GET"]}}],"collection":[{"href":"http:\/\/staging.ibermusicas.org\/index.php\/wp-json\/wp\/v2\/posts"}],"about":[{"href":"http:\/\/staging.ibermusicas.org\/index.php\/wp-json\/wp\/v2\/types\/post"}],"author":[{"embeddable":true,"href":"http:\/\/staging.ibermusicas.org\/index.php\/wp-json\/wp\/v2\/users\/7"}],"replies":[{"embeddable":true,"href":"http:\/\/staging.ibermusicas.org\/index.php\/wp-json\/wp\/v2\/comments?post=19467"}],"version-history":[{"count":1,"href":"http:\/\/staging.ibermusicas.org\/index.php\/wp-json\/wp\/v2\/posts\/19467\/revisions"}],"predecessor-version":[{"id":19469,"href":"http:\/\/staging.ibermusicas.org\/index.php\/wp-json\/wp\/v2\/posts\/19467\/revisions\/19469"}],"wp:featuredmedia":[{"embeddable":true,"href":"http:\/\/staging.ibermusicas.org\/index.php\/wp-json\/wp\/v2\/media\/19468"}],"wp:attachment":[{"href":"http:\/\/staging.ibermusicas.org\/index.php\/wp-json\/wp\/v2\/media?parent=19467"}],"wp:term":[{"taxonomy":"category","embeddable":true,"href":"http:\/\/staging.ibermusicas.org\/index.php\/wp-json\/wp\/v2\/categories?post=19467"},{"taxonomy":"post_tag","embeddable":true,"href":"http:\/\/staging.ibermusicas.org\/index.php\/wp-json\/wp\/v2\/tags?post=19467"}],"curies":[{"name":"wp","href":"https:\/\/api.w.org\/{rel}","templated":true}]}}