{"id":19470,"date":"2024-07-12T16:38:14","date_gmt":"2024-07-12T16:38:14","guid":{"rendered":"http:\/\/staging.ibermusicas.org\/?p=19470"},"modified":"2024-08-01T19:05:52","modified_gmt":"2024-08-01T19:05:52","slug":"o-grupo-mexicano-de-guitarras-cuarteto-orishas-apresentara-danza-non-danza-na-colombia","status":"publish","type":"post","link":"http:\/\/staging.ibermusicas.org\/index.php\/o-grupo-mexicano-de-guitarras-cuarteto-orishas-apresentara-danza-non-danza-na-colombia\/","title":{"rendered":"O grupo mexicano de guitarras Cuarteto Orishas apresentar\u00e1 \u00abDanza non Danza\u00bb na Col\u00f4mbia"},"content":{"rendered":"<p>O reconhecido grupo de guitarras mexicanas Cuarteto Orishas prepara-se para realizar uma s\u00e9rie de concertos nas cidades de Cali e Bogot\u00e1, na Col\u00f4mbia, no \u00e2mbito do seu projeto inovador \u00abDanza non Danza\u00bb. Fundado em 2007, o quarteto tem mantido uma trajet\u00f3ria art\u00edstica not\u00e1vel, consolidando-se como uma refer\u00eancia no campo musical.<\/p>\n<p>&nbsp;<\/p>\n<p>Com uma agenda que inclui atua\u00e7\u00f5es por todo o M\u00e9xico, o Quarteto Orishas tem ultrapassado fronteiras, cativando p\u00fablicos em v\u00e1rios pa\u00edses como Espanha, Cuba, Holanda, Costa Rica, \u00c1ustria, It\u00e1lia, entre outros.<\/p>\n<p>&nbsp;<\/p>\n<p>Com a sua s\u00f3lida experi\u00eancia e compromisso com a excel\u00eancia art\u00edstica, o Quarteto Orishas posicionou-se como um embaixador cultural, levando a riqueza e diversidade da m\u00fasica mexicana aos palcos internacionais. Os concertos em Cali e Bogot\u00e1 prometem ser um encontro memor\u00e1vel entre a m\u00fasica e o p\u00fablico colombiano, num interc\u00e2mbio cultural que atravessa fronteiras e enriquece o panorama musical da regi\u00e3o.<\/p>\n<p>&nbsp;<\/p>\n<p>&nbsp;<\/p>\n<ul>\n<li>Ter\u00e7a-feira, 23 de julho, 15h: Masterclass na Sala de la Cultura Mar\u00eda Isabel Reyes Guti\u00e9rrez, Universidad Pedag\u00f3gica Nacional, Bogot\u00e1, Col\u00f4mbia<\/li>\n<li>Ter\u00e7a-feira, 23 de julho, 19h: Concerto na Sala de la Cultura Mar\u00eda Isabel Reyes Guti\u00e9rrez, Universidad Pedag\u00f3gica Nacional, Bogot\u00e1, Col\u00f4mbia<\/li>\n<li>Quarta-feira, 24 de julho, 10h: Masterclass no Campus El Nogal, Facultad de Bellas Artes (calle 78 n.\u00b0 9-92) Bogot\u00e1, Col\u00f4mbia<\/li>\n<li>Quarta-feira, 24 de julho, 18h: Concerto na Sala de la Cultura Mar\u00eda Isabel Reyes Guti\u00e9rrez, Universidad Pedag\u00f3gica Nacional, Bogot\u00e1, Col\u00f4mbia<\/li>\n<li>Sexta-feira, 26 de julho, 19h: Show na Casa Gentil (Calle 66a #15-37) Bogot\u00e1, Col\u00f4mbia<\/li>\n<\/ul>\n","protected":false},"excerpt":{"rendered":"<p>O reconhecido grupo de guitarras mexicanas Cuarteto Orishas prepara-se para realizar uma s\u00e9rie de concertos nas cidades de Cali e Bogot\u00e1, na Col\u00f4mbia, no \u00e2mbito do seu projeto inovador \u00abDanza non Danza\u00bb. Fundado em 2007, o quarteto tem mantido uma trajet\u00f3ria art\u00edstica not\u00e1vel, consolidando-se como uma refer\u00eancia no campo musical. &nbsp; Com uma agenda que [&hellip;]<\/p>\n","protected":false},"author":7,"featured_media":19468,"comment_status":"closed","ping_status":"closed","sticky":false,"template":"","format":"standard","meta":{"footnotes":""},"categories":[218],"tags":[],"class_list":["post-19470","post","type-post","status-publish","format-standard","has-post-thumbnail","hentry","category-noticias-generales-pt"],"lang":"pt","translations":{"pt":19470,"es":19467},"pll_sync_post":[],"post_mailing_queue_ids":[],"_links":{"self":[{"href":"http:\/\/staging.ibermusicas.org\/index.php\/wp-json\/wp\/v2\/posts\/19470","targetHints":{"allow":["GET"]}}],"collection":[{"href":"http:\/\/staging.ibermusicas.org\/index.php\/wp-json\/wp\/v2\/posts"}],"about":[{"href":"http:\/\/staging.ibermusicas.org\/index.php\/wp-json\/wp\/v2\/types\/post"}],"author":[{"embeddable":true,"href":"http:\/\/staging.ibermusicas.org\/index.php\/wp-json\/wp\/v2\/users\/7"}],"replies":[{"embeddable":true,"href":"http:\/\/staging.ibermusicas.org\/index.php\/wp-json\/wp\/v2\/comments?post=19470"}],"version-history":[{"count":1,"href":"http:\/\/staging.ibermusicas.org\/index.php\/wp-json\/wp\/v2\/posts\/19470\/revisions"}],"predecessor-version":[{"id":19471,"href":"http:\/\/staging.ibermusicas.org\/index.php\/wp-json\/wp\/v2\/posts\/19470\/revisions\/19471"}],"wp:featuredmedia":[{"embeddable":true,"href":"http:\/\/staging.ibermusicas.org\/index.php\/wp-json\/wp\/v2\/media\/19468"}],"wp:attachment":[{"href":"http:\/\/staging.ibermusicas.org\/index.php\/wp-json\/wp\/v2\/media?parent=19470"}],"wp:term":[{"taxonomy":"category","embeddable":true,"href":"http:\/\/staging.ibermusicas.org\/index.php\/wp-json\/wp\/v2\/categories?post=19470"},{"taxonomy":"post_tag","embeddable":true,"href":"http:\/\/staging.ibermusicas.org\/index.php\/wp-json\/wp\/v2\/tags?post=19470"}],"curies":[{"name":"wp","href":"https:\/\/api.w.org\/{rel}","templated":true}]}}