{"id":19475,"date":"2024-07-12T16:42:50","date_gmt":"2024-07-12T16:42:50","guid":{"rendered":"http:\/\/staging.ibermusicas.org\/?p=19475"},"modified":"2024-07-12T16:42:50","modified_gmt":"2024-07-12T16:42:50","slug":"de-curitiba-brasil-kluber-leva-sua-proposta-para-buenos-aires-argentina","status":"publish","type":"post","link":"http:\/\/staging.ibermusicas.org\/index.php\/de-curitiba-brasil-kluber-leva-sua-proposta-para-buenos-aires-argentina\/","title":{"rendered":"De Curitiba, Brasil, Kl\u00fcber leva sua proposta para Buenos Aires, Argentina"},"content":{"rendered":"<p>Kl\u00fcber \u00e9 cantora, compositora e pianista trans n\u00e3o-bin\u00e1ria de Curitiba. Apesar de sua forma\u00e7\u00e3o na m\u00fasica de concerto e longa experi\u00eancia com o piano cl\u00e1ssico, suas can\u00e7\u00f5es carregam, al\u00e9m desse universo, refer\u00eancias de rock alternativo, do cen\u00e1rio grunge dos anos 90, de sertanejo, m\u00fasica brasileira e pop.<\/p>\n<p>&nbsp;<\/p>\n<p>Tem dois EPs lan\u00e7ados, e por meio de um financiamento coletivo, dentre outros, lan\u00e7ou em 2022 o single Ningu\u00e9m Precisa, seguido de seu primeiro \u00e1lbum, Pra Duvidar. Tem colaborado com artistas do cen\u00e1rio underground, como Mulamba, Siamese, \u00c9rica Silva, Roseane Santos e Leo Fressato, dentre. Tem se apresentado em festivais ao redor do Brasil, incluindo Se Rasgum (PA),Festival Marte (MG), TUM Festival (SC) e Morrod\u00e1lia (RS).<\/p>\n<p>&nbsp;<\/p>\n<p>Kl\u00fcber vai circular com a tour de seu \u00faltimo disco \u201cPra Duvidar\u201d na Argentina. As apresenta\u00e7\u00f5es ser\u00e3o em formato trio (piano e voz, bateria e cello).<\/p>\n<p>&nbsp;<\/p>\n<ul>\n<li>26 de julho, 21h: Casa Brandon, Luis Maria Drago 236, Villa Crespo, Ciudad de Buenos Aires, Argentina<\/li>\n<li>27 de julho, 22h: El Barrio Cultural, Dr. A. Melo 4565, Remedios de Escalada de San Mart\u00edn, Lan\u00fas, Provincia de Buenos Aires, Argentina<\/li>\n<\/ul>\n","protected":false},"excerpt":{"rendered":"<p>Kl\u00fcber \u00e9 cantora, compositora e pianista trans n\u00e3o-bin\u00e1ria de Curitiba. Apesar de sua forma\u00e7\u00e3o na m\u00fasica de concerto e longa experi\u00eancia com o piano cl\u00e1ssico, suas can\u00e7\u00f5es carregam, al\u00e9m desse universo, refer\u00eancias de rock alternativo, do cen\u00e1rio grunge dos anos 90, de sertanejo, m\u00fasica brasileira e pop. &nbsp; Tem dois EPs lan\u00e7ados, e por meio [&hellip;]<\/p>\n","protected":false},"author":7,"featured_media":19473,"comment_status":"closed","ping_status":"closed","sticky":false,"template":"","format":"standard","meta":{"footnotes":""},"categories":[218],"tags":[],"class_list":["post-19475","post","type-post","status-publish","format-standard","has-post-thumbnail","hentry","category-noticias-generales-pt"],"lang":"pt","translations":{"pt":19475,"es":19472},"pll_sync_post":[],"post_mailing_queue_ids":[],"_links":{"self":[{"href":"http:\/\/staging.ibermusicas.org\/index.php\/wp-json\/wp\/v2\/posts\/19475","targetHints":{"allow":["GET"]}}],"collection":[{"href":"http:\/\/staging.ibermusicas.org\/index.php\/wp-json\/wp\/v2\/posts"}],"about":[{"href":"http:\/\/staging.ibermusicas.org\/index.php\/wp-json\/wp\/v2\/types\/post"}],"author":[{"embeddable":true,"href":"http:\/\/staging.ibermusicas.org\/index.php\/wp-json\/wp\/v2\/users\/7"}],"replies":[{"embeddable":true,"href":"http:\/\/staging.ibermusicas.org\/index.php\/wp-json\/wp\/v2\/comments?post=19475"}],"version-history":[{"count":1,"href":"http:\/\/staging.ibermusicas.org\/index.php\/wp-json\/wp\/v2\/posts\/19475\/revisions"}],"predecessor-version":[{"id":19476,"href":"http:\/\/staging.ibermusicas.org\/index.php\/wp-json\/wp\/v2\/posts\/19475\/revisions\/19476"}],"wp:featuredmedia":[{"embeddable":true,"href":"http:\/\/staging.ibermusicas.org\/index.php\/wp-json\/wp\/v2\/media\/19473"}],"wp:attachment":[{"href":"http:\/\/staging.ibermusicas.org\/index.php\/wp-json\/wp\/v2\/media?parent=19475"}],"wp:term":[{"taxonomy":"category","embeddable":true,"href":"http:\/\/staging.ibermusicas.org\/index.php\/wp-json\/wp\/v2\/categories?post=19475"},{"taxonomy":"post_tag","embeddable":true,"href":"http:\/\/staging.ibermusicas.org\/index.php\/wp-json\/wp\/v2\/tags?post=19475"}],"curies":[{"name":"wp","href":"https:\/\/api.w.org\/{rel}","templated":true}]}}