{"id":19479,"date":"2024-07-12T16:46:53","date_gmt":"2024-07-12T16:46:53","guid":{"rendered":"http:\/\/staging.ibermusicas.org\/?p=19479"},"modified":"2024-08-01T19:10:31","modified_gmt":"2024-08-01T19:10:31","slug":"el-duo-portugues-kla-vier-ofrecera-sus-conciertos-de-piano-a-cuatro-manos-en-el-reino-unido","status":"publish","type":"post","link":"http:\/\/staging.ibermusicas.org\/index.php\/el-duo-portugues-kla-vier-ofrecera-sus-conciertos-de-piano-a-cuatro-manos-en-el-reino-unido\/","title":{"rendered":"El d\u00fao portugu\u00e9s Kla-Vier ofrecer\u00e1 sus conciertos de piano a cuatro manos en el Reino Unido"},"content":{"rendered":"<p>Formado por las pianistas S\u00f3nia Amaral y Patr\u00edcia Ventura, el D\u00fao Kla-Vier es uno de los d\u00faos de piano portugueses que viene trabajando regularmente desde su formaci\u00f3n, manteniendo un calendario de conciertos que le permite actualizarse constantemente y desarrollarse en una direcci\u00f3n creciente.<\/p>\n<p>&nbsp;<\/p>\n<p>El D\u00fao Kla-Vier basa su programaci\u00f3n en repertorio de los siglos XX y XXI, abarcando un amplio abanico de corrientes, est\u00e9ticas y compositores, pero buscando tambi\u00e9n las obras de referencia en el repertorio de esta formaci\u00f3n de todas las \u00e9pocas. Por otro lado, consciente de su papel como difusor de nuevos contenidos art\u00edsticos, el d\u00fao tambi\u00e9n quiere hacer hincapi\u00e9 en la m\u00fasica portuguesa y animar a los compositores a crear nuevas obras.<\/p>\n<p>&nbsp;<\/p>\n<p>El d\u00fao de piano Kla-Vier Duo tiene una trayectoria consolidada a nivel nacional en el \u00e1mbito de la m\u00fasica contempor\u00e1nea y tambi\u00e9n como representante de la m\u00fasica portuguesa. Este proyecto de internacionalizaci\u00f3n se basa en el deseo de situar la m\u00fasica portuguesa en el centro del repertorio y de ampliar su difusi\u00f3n a p\u00fablicos nuevos y m\u00e1s amplios.<\/p>\n<p>&nbsp;<\/p>\n<p>&nbsp;<\/p>\n<p>Las obras presentadas ser\u00e1n contextualizadas, ofreciendo al p\u00fablico una visi\u00f3n general de la m\u00fasica portuguesa contempor\u00e1nea. El programa incluir\u00e1 las siguientes obras portuguesas<\/p>\n<p>&nbsp;<\/p>\n<p>\u00abDanza\u00bb de Constan\u00e7a Capdeville (1937-1992)<\/p>\n<p>\u00abPor um dia igual\u00bb de Sofia Sousa Rocha (1986)<\/p>\n<p>\u00abSou j\u00e1 do que fui\u00bb de Paulo Bastos (1967)<\/p>\n<p>\u201cDan\u00e7a\u201d de \u00c2ngela da Ponte (1984)<\/p>\n<p>\u00abBalada\u00bb de Ant\u00f3nio Victorino d&#8217;Almeida (1940)<\/p>\n<p>&nbsp;<\/p>\n<p>&nbsp;<\/p>\n<ul>\n<li>31 de julio, 13.00 horas: Concierto en la catedral de Sheffield, Inglaterra<\/li>\n<li>01 de agosto, 13:00 h: Concierto en el marco del Fringe FesHval, Catedral de Santa Mar\u00eda, Edimburgo, Escocia<\/li>\n<\/ul>\n","protected":false},"excerpt":{"rendered":"<p>Formado por las pianistas S\u00f3nia Amaral y Patr\u00edcia Ventura, el D\u00fao Kla-Vier es uno de los d\u00faos de piano portugueses que viene trabajando regularmente desde su formaci\u00f3n, manteniendo un calendario de conciertos que le permite actualizarse constantemente y desarrollarse en una direcci\u00f3n creciente. &nbsp; El D\u00fao Kla-Vier basa su programaci\u00f3n en repertorio de los siglos [&hellip;]<\/p>\n","protected":false},"author":7,"featured_media":19480,"comment_status":"closed","ping_status":"closed","sticky":false,"template":"","format":"standard","meta":{"footnotes":""},"categories":[53],"tags":[],"class_list":["post-19479","post","type-post","status-publish","format-standard","has-post-thumbnail","hentry","category-noticias-generales"],"lang":"es","translations":{"es":19479,"pt":19482},"pll_sync_post":[],"post_mailing_queue_ids":[],"_links":{"self":[{"href":"http:\/\/staging.ibermusicas.org\/index.php\/wp-json\/wp\/v2\/posts\/19479","targetHints":{"allow":["GET"]}}],"collection":[{"href":"http:\/\/staging.ibermusicas.org\/index.php\/wp-json\/wp\/v2\/posts"}],"about":[{"href":"http:\/\/staging.ibermusicas.org\/index.php\/wp-json\/wp\/v2\/types\/post"}],"author":[{"embeddable":true,"href":"http:\/\/staging.ibermusicas.org\/index.php\/wp-json\/wp\/v2\/users\/7"}],"replies":[{"embeddable":true,"href":"http:\/\/staging.ibermusicas.org\/index.php\/wp-json\/wp\/v2\/comments?post=19479"}],"version-history":[{"count":1,"href":"http:\/\/staging.ibermusicas.org\/index.php\/wp-json\/wp\/v2\/posts\/19479\/revisions"}],"predecessor-version":[{"id":19481,"href":"http:\/\/staging.ibermusicas.org\/index.php\/wp-json\/wp\/v2\/posts\/19479\/revisions\/19481"}],"wp:featuredmedia":[{"embeddable":true,"href":"http:\/\/staging.ibermusicas.org\/index.php\/wp-json\/wp\/v2\/media\/19480"}],"wp:attachment":[{"href":"http:\/\/staging.ibermusicas.org\/index.php\/wp-json\/wp\/v2\/media?parent=19479"}],"wp:term":[{"taxonomy":"category","embeddable":true,"href":"http:\/\/staging.ibermusicas.org\/index.php\/wp-json\/wp\/v2\/categories?post=19479"},{"taxonomy":"post_tag","embeddable":true,"href":"http:\/\/staging.ibermusicas.org\/index.php\/wp-json\/wp\/v2\/tags?post=19479"}],"curies":[{"name":"wp","href":"https:\/\/api.w.org\/{rel}","templated":true}]}}