{"id":19482,"date":"2024-07-12T16:48:51","date_gmt":"2024-07-12T16:48:51","guid":{"rendered":"http:\/\/staging.ibermusicas.org\/?p=19482"},"modified":"2024-08-01T19:10:06","modified_gmt":"2024-08-01T19:10:06","slug":"o-kla-vier-duo-do-portugal-apresentara-seus-concertos-de-piano-a-quatro-maos-no-reino-unido","status":"publish","type":"post","link":"http:\/\/staging.ibermusicas.org\/index.php\/o-kla-vier-duo-do-portugal-apresentara-seus-concertos-de-piano-a-quatro-maos-no-reino-unido\/","title":{"rendered":"O Kla-Vier Duo do Portugal, apresentar\u00e1 seus concertos de piano a quatro m\u00e3os no Reino Unido"},"content":{"rendered":"<p>Conformado pelas pianistas S\u00f3nia Amaral e Patr\u00edcia Ventura, o Kla-Vier Duo \u00e9 um dos duos de piano portugueses a trabalhar regularmente desde a sua forma\u00e7\u00e3o, mantendo uma agenda de concertos que lhe permite uma constante a actualiza\u00e7\u00e3o e desenvolvendo-se num sentido crescente.<\/p>\n<p>&nbsp;<\/p>\n<p>O Kla-Vier Duo assenta a base do seu programa em repert\u00f3rio essencialmente do s\u00e9culo XX e XXI, abrangendo um leque vasto de correntes, est\u00e9ticas e compositores, mas indo tamb\u00e9m procurar as obras de refer\u00eancia do repert\u00f3rio para esta forma\u00e7\u00e3o de todas as \u00e9pocas. Por outro lado, consciente do seu papel como divulgador de novos conte\u00fados art\u00edsticos, o duo pretende tamb\u00e9m dar uma \u00eanfase especial \u00e0 m\u00fasica portuguesa e incentivar os compositores a criar novas obras.<\/p>\n<p>&nbsp;<\/p>\n<p>O duo de piano Kla-Vier Duo tem um percurso consolidado ao n\u00edvel nacional na \u00e1rea da m\u00fasica contempor\u00e2nea e tamb\u00e9m como representante da m\u00fasica portuguesa. Este projecto de internacionaliza\u00e7\u00e3o prende-se com a vontade de fazer da m\u00fasica portuguesa o centro do repert\u00f3rio e alargar a sua divulga\u00e7\u00e3o a novos e mais vastos p\u00fablicos.<\/p>\n<p>&nbsp;<\/p>\n<p>Ser\u00e1 feita uma contextualiza\u00e7\u00e3o das obras apresentadas, dando a conhecer ao p\u00fablico um panorama da m\u00fasica contempor\u00e2nea portuguesa. Do programa constar\u00e3o as seguintes obras portuguesas:<\/p>\n<p>&nbsp;<\/p>\n<p>\u201cDan\u00e7a\u201d de Constan\u00e7a Capdeville (1937-1992)<\/p>\n<p>\u201cPor um dia igual\u201d de Sofia Sousa Rocha (1986)<\/p>\n<p>\u201cSou j\u00e1 do que fui\u201d de Paulo Bastos (1967)<\/p>\n<p>\u201cDan\u00e7a\u201d de \u00c2ngela da Ponte (1984)<\/p>\n<p>\u201cBalada\u201d de Ant\u00f3nio Victorino d\u2019Almeida (1940)<\/p>\n<p>&nbsp;<\/p>\n<ul>\n<li>31 de julho, 13h: Concerto na Sheffield Cathedral, Inglaterra<\/li>\n<li>01 de agosto, 13h: Concerto integrado no Fringe FesHval, St Mary&#8217;s Cathedral, Edinburgh, Esc\u00f3cia<\/li>\n<\/ul>\n","protected":false},"excerpt":{"rendered":"<p>Conformado pelas pianistas S\u00f3nia Amaral e Patr\u00edcia Ventura, o Kla-Vier Duo \u00e9 um dos duos de piano portugueses a trabalhar regularmente desde a sua forma\u00e7\u00e3o, mantendo uma agenda de concertos que lhe permite uma constante a actualiza\u00e7\u00e3o e desenvolvendo-se num sentido crescente. &nbsp; O Kla-Vier Duo assenta a base do seu programa em repert\u00f3rio essencialmente [&hellip;]<\/p>\n","protected":false},"author":7,"featured_media":19480,"comment_status":"closed","ping_status":"closed","sticky":false,"template":"","format":"standard","meta":{"footnotes":""},"categories":[218],"tags":[],"class_list":["post-19482","post","type-post","status-publish","format-standard","has-post-thumbnail","hentry","category-noticias-generales-pt"],"lang":"pt","translations":{"pt":19482,"es":19479},"pll_sync_post":[],"post_mailing_queue_ids":[],"_links":{"self":[{"href":"http:\/\/staging.ibermusicas.org\/index.php\/wp-json\/wp\/v2\/posts\/19482","targetHints":{"allow":["GET"]}}],"collection":[{"href":"http:\/\/staging.ibermusicas.org\/index.php\/wp-json\/wp\/v2\/posts"}],"about":[{"href":"http:\/\/staging.ibermusicas.org\/index.php\/wp-json\/wp\/v2\/types\/post"}],"author":[{"embeddable":true,"href":"http:\/\/staging.ibermusicas.org\/index.php\/wp-json\/wp\/v2\/users\/7"}],"replies":[{"embeddable":true,"href":"http:\/\/staging.ibermusicas.org\/index.php\/wp-json\/wp\/v2\/comments?post=19482"}],"version-history":[{"count":1,"href":"http:\/\/staging.ibermusicas.org\/index.php\/wp-json\/wp\/v2\/posts\/19482\/revisions"}],"predecessor-version":[{"id":19483,"href":"http:\/\/staging.ibermusicas.org\/index.php\/wp-json\/wp\/v2\/posts\/19482\/revisions\/19483"}],"wp:featuredmedia":[{"embeddable":true,"href":"http:\/\/staging.ibermusicas.org\/index.php\/wp-json\/wp\/v2\/media\/19480"}],"wp:attachment":[{"href":"http:\/\/staging.ibermusicas.org\/index.php\/wp-json\/wp\/v2\/media?parent=19482"}],"wp:term":[{"taxonomy":"category","embeddable":true,"href":"http:\/\/staging.ibermusicas.org\/index.php\/wp-json\/wp\/v2\/categories?post=19482"},{"taxonomy":"post_tag","embeddable":true,"href":"http:\/\/staging.ibermusicas.org\/index.php\/wp-json\/wp\/v2\/tags?post=19482"}],"curies":[{"name":"wp","href":"https:\/\/api.w.org\/{rel}","templated":true}]}}