{"id":19571,"date":"2024-08-01T19:14:33","date_gmt":"2024-08-01T19:14:33","guid":{"rendered":"http:\/\/staging.ibermusicas.org\/?p=19571"},"modified":"2024-08-28T18:12:48","modified_gmt":"2024-08-28T18:12:48","slug":"o-programa-ibermusicas-convida-a-um-novo-encontro-aberto-com-a-sua-unidade-tecnica-2","status":"publish","type":"post","link":"http:\/\/staging.ibermusicas.org\/index.php\/o-programa-ibermusicas-convida-a-um-novo-encontro-aberto-com-a-sua-unidade-tecnica-2\/","title":{"rendered":"O Programa Iberm\u00fasicas convida a um novo encontro aberto com a sua Unidade T\u00e9cnica"},"content":{"rendered":"<p>Com o objetivo de democratizar ainda mais o acesso \u00e0s nossas convocat\u00f3rias e, ao mesmo tempo, sentirmo-nos ainda mais pr\u00f3ximos de todo o sector musical ibero-americano, o Programa Iberm\u00fasicas prop\u00f5e um encontro virtual com a Unidade T\u00e9cnica do Programa. Ser\u00e1 um encontro para todas e todos os participantes que queiram juntar-se a n\u00f3s.<\/p>\n<p>&nbsp;<\/p>\n<p>Nesta reuni\u00e3o ser\u00e3o abordados os aspectos pr\u00e1ticos de cada uma das treze convocat\u00f3rias de 2024 para as atividades de 2025 e ser\u00e3o partilhados detalhes e recomenda\u00e7\u00f5es a aplicar na apresenta\u00e7\u00e3o dos projectos.<\/p>\n<p>&nbsp;<\/p>\n<p>Haver\u00e1 tr\u00eas reuni\u00f5es, uma para os pa\u00edses de l\u00edngua espanhola, outra para os pa\u00edses de l\u00edngua portuguesa e uma terceira, tamb\u00e9m em portugu\u00eas na qual se falar\u00e1 especialmente sobre a nova chamada \u00abViagens pela m\u00fasica em l\u00edngua portuguesa\u00bb destinada aos pa\u00edses da CPLP\u00a0 (Comunidade de Pa\u00edses de L\u00edngua Portuguesa).<\/p>\n<p>&nbsp;<\/p>\n<p>Ter\u00e7a-feira, 6 de agosto<\/p>\n<p>&nbsp;<\/p>\n<ul>\n<li>12h Brasil<\/li>\n<li>16h Portugal<\/li>\n<\/ul>\n<p>&nbsp;<\/p>\n<p>meet.jit.si\/Consejointergubernamentalibermusicas<\/p>\n<p>&nbsp;<\/p>\n<p>Quarta-feira, 7 de agosto<\/p>\n<p><strong>\u00a0<\/strong><\/p>\n<ul>\n<li>9h Brasil<\/li>\n<li>11h Cabo Verde<\/li>\n<li>12h Guin\u00e9-Bissau, S\u00e3o Tom\u00e9 e Pr\u00edncipe<\/li>\n<li>13h Angola, Guin\u00e9 Equatorial, Portugal<\/li>\n<li>14h Mo\u00e7ambique<\/li>\n<li>21h Timor-Leste<\/li>\n<\/ul>\n<p>&nbsp;<\/p>\n<p>meet.jit.si\/Consejointergubernamentalibermusicas<\/p>\n","protected":false},"excerpt":{"rendered":"<p>Com o objetivo de democratizar ainda mais o acesso \u00e0s nossas convocat\u00f3rias e, ao mesmo tempo, sentirmo-nos ainda mais pr\u00f3ximos de todo o sector musical ibero-americano, o Programa Iberm\u00fasicas prop\u00f5e um encontro virtual com a Unidade T\u00e9cnica do Programa. Ser\u00e1 um encontro para todas e todos os participantes que queiram juntar-se a n\u00f3s. &nbsp; Nesta [&hellip;]<\/p>\n","protected":false},"author":7,"featured_media":19572,"comment_status":"closed","ping_status":"closed","sticky":false,"template":"","format":"standard","meta":{"footnotes":""},"categories":[218],"tags":[],"class_list":["post-19571","post","type-post","status-publish","format-standard","has-post-thumbnail","hentry","category-noticias-generales-pt"],"lang":"pt","translations":{"pt":19571},"pll_sync_post":[],"post_mailing_queue_ids":[],"_links":{"self":[{"href":"http:\/\/staging.ibermusicas.org\/index.php\/wp-json\/wp\/v2\/posts\/19571","targetHints":{"allow":["GET"]}}],"collection":[{"href":"http:\/\/staging.ibermusicas.org\/index.php\/wp-json\/wp\/v2\/posts"}],"about":[{"href":"http:\/\/staging.ibermusicas.org\/index.php\/wp-json\/wp\/v2\/types\/post"}],"author":[{"embeddable":true,"href":"http:\/\/staging.ibermusicas.org\/index.php\/wp-json\/wp\/v2\/users\/7"}],"replies":[{"embeddable":true,"href":"http:\/\/staging.ibermusicas.org\/index.php\/wp-json\/wp\/v2\/comments?post=19571"}],"version-history":[{"count":1,"href":"http:\/\/staging.ibermusicas.org\/index.php\/wp-json\/wp\/v2\/posts\/19571\/revisions"}],"predecessor-version":[{"id":19573,"href":"http:\/\/staging.ibermusicas.org\/index.php\/wp-json\/wp\/v2\/posts\/19571\/revisions\/19573"}],"wp:featuredmedia":[{"embeddable":true,"href":"http:\/\/staging.ibermusicas.org\/index.php\/wp-json\/wp\/v2\/media\/19572"}],"wp:attachment":[{"href":"http:\/\/staging.ibermusicas.org\/index.php\/wp-json\/wp\/v2\/media?parent=19571"}],"wp:term":[{"taxonomy":"category","embeddable":true,"href":"http:\/\/staging.ibermusicas.org\/index.php\/wp-json\/wp\/v2\/categories?post=19571"},{"taxonomy":"post_tag","embeddable":true,"href":"http:\/\/staging.ibermusicas.org\/index.php\/wp-json\/wp\/v2\/tags?post=19571"}],"curies":[{"name":"wp","href":"https:\/\/api.w.org\/{rel}","templated":true}]}}