{"id":19574,"date":"2024-08-01T19:16:33","date_gmt":"2024-08-01T19:16:33","guid":{"rendered":"http:\/\/staging.ibermusicas.org\/?p=19574"},"modified":"2024-08-30T17:39:20","modified_gmt":"2024-08-30T17:39:20","slug":"el-duo-plana-marti-de-argentina-realiza-su-primera-gira-por-los-estados-unidos","status":"publish","type":"post","link":"http:\/\/staging.ibermusicas.org\/index.php\/el-duo-plana-marti-de-argentina-realiza-su-primera-gira-por-los-estados-unidos\/","title":{"rendered":"El d\u00fao Plana Mart\u00ed de Argentina realiza su primera gira por los Estados Unidos"},"content":{"rendered":"<p>Por primera vez de gira art\u00edstica y pedag\u00f3gica por Estados Unidos, el D\u00fao Plana Mart\u00ed, integrado por la flautista Beti Plana, flauta y el guitarrista Polo Mart\u00ed visitar\u00e1 las ciudades de San Antonio (Texas) y Nueva York.<\/p>\n<p>&nbsp;<\/p>\n<p>El D\u00fao Plana Mart\u00ed, integrado por Beti Plana en flauta y Polo Mart\u00ed en guitarra, se constituy\u00f3 en 1987. Desde 1989 reside en Mendoza, Argentina donde desarrolla actividades art\u00edsticas y docentes en el \u00e1mbito provincial y nacional, especialmente en la Orquesta Filarm\u00f3nica de Mendoza y la Universidad Nacional de Cuyo.<\/p>\n<p>&nbsp;<\/p>\n<p>Se han presentado en numerosas salas, teatros y festivales de Argentina, Uruguay, Chile, Ecuador, M\u00e9xico, Per\u00fa, Costa Rica, Sud\u00e1frica, Francia, Espa\u00f1a, Suecia, Alemania, entre otros, ofreciendo conciertos basados fundamentalmente en la m\u00fasica argentina y latinoamericana.<\/p>\n<p>&nbsp;<\/p>\n<p>La propuesta combina arreglos propios sobre m\u00fasica de ra\u00edz folkl\u00f3rica, explorando las posibilidades t\u00e9cnico-musicales de sus instrumentos, con obras de compositores como Dino Saluzzi, Egberto Gismonti, Astor Piazzolla, An\u00edbal Cuadros, Tito Francia, F\u00e9lix Palorma, Carlos Aguirre y el propio Polo Mart\u00ed, entre otros, bajo el concepto del \u201cfolklore imaginario\u201d.<\/p>\n<p>&nbsp;<\/p>\n<p>La m\u00fasica del D\u00fao Plana Mart\u00ed se sustenta en la formaci\u00f3n que ambos m\u00fasicos han tenido en m\u00fasica contempor\u00e1nea, m\u00fasica latinoamericana, m\u00fasica de ra\u00edz folkl\u00f3rica, m\u00fasica de c\u00e1mara y sinf\u00f3nica, dedicando muchos a\u00f1os a la investigaci\u00f3n y la docencia en Argentina y en pa\u00edses latinoamericanos, de Europa y Sud\u00e1frica.<\/p>\n<p>&nbsp;<\/p>\n<p>El d\u00fao ha compartido proyectos con Susana Baca, Juan Fal\u00fa, An\u00edbal Sampayo, Ram\u00f3n Ayala, Jorge Marziali, Ariel Petrocelli, Elena Roger, Ricardo Mollo, Carlos Aguirre, Silvia Iriondo, entre otros. Adem\u00e1s de diversas producciones discogr\u00e1ficas individualmente y participando en numerosos proyectos con artistas nacionales e internacionales.<\/p>\n<p>&nbsp;<\/p>\n<p>Han producido y editado los CD\u2019s: Agua y vino (1998), Tangos: De Arolas a Piazzolla (2007), Cl\u00e1sicos Cuyanos (2010), Coplas sonoras de la tierra nuestra (con Juan Fal\u00fa, Florencia Bernales y Teuco Castilla, 2022), Huellas del Viajero (con Carlos Aguirre, 2023).<\/p>\n<p>&nbsp;<\/p>\n<p>Esta gira del D\u00fao Plana Mart\u00ed cuenta con el apoyo de Iberm\u00fasicas, el Consulado de Argentina en Nueva York \/ NFA \u2013 The National Flute Association \u2013 USA, El Taller Latinoamericano, NYC Cultural Affairs, New York \u2013 Council on the Arts y Jacob &amp; Ruth Epstein Foundation<\/p>\n<p>&nbsp;<\/p>\n<ul>\n<li>1 al 4 de agosto de 2024: 52\u00b0 Convenci\u00f3n Anual de la Asociaci\u00f3n Nacional de Flauta de los EE.UU, Centro de Convenciones Henry B. Gonz\u00e1lez, centro hist\u00f3rico de San Antonio (Texas)<\/li>\n<li>Viernes 9 de agosto: concierto en el Consulado Argentino titulado \u201cFolklore Imaginario\u201d<\/li>\n<li>S\u00e1bado 10 de agosto concierto p\u00fablico \u201cMapa Musical Argentino\u201d, en el Programa \u00abOpen Streets\u201d producido por El Taller Latinoamericano<\/li>\n<\/ul>\n","protected":false},"excerpt":{"rendered":"<p>Por primera vez de gira art\u00edstica y pedag\u00f3gica por Estados Unidos, el D\u00fao Plana Mart\u00ed, integrado por la flautista Beti Plana, flauta y el guitarrista Polo Mart\u00ed visitar\u00e1 las ciudades de San Antonio (Texas) y Nueva York. &nbsp; El D\u00fao Plana Mart\u00ed, integrado por Beti Plana en flauta y Polo Mart\u00ed en guitarra, se constituy\u00f3 [&hellip;]<\/p>\n","protected":false},"author":7,"featured_media":19575,"comment_status":"closed","ping_status":"closed","sticky":false,"template":"","format":"standard","meta":{"footnotes":""},"categories":[53],"tags":[],"class_list":["post-19574","post","type-post","status-publish","format-standard","has-post-thumbnail","hentry","category-noticias-generales"],"lang":"es","translations":{"es":19574,"pt":19577},"pll_sync_post":[],"post_mailing_queue_ids":[],"_links":{"self":[{"href":"http:\/\/staging.ibermusicas.org\/index.php\/wp-json\/wp\/v2\/posts\/19574","targetHints":{"allow":["GET"]}}],"collection":[{"href":"http:\/\/staging.ibermusicas.org\/index.php\/wp-json\/wp\/v2\/posts"}],"about":[{"href":"http:\/\/staging.ibermusicas.org\/index.php\/wp-json\/wp\/v2\/types\/post"}],"author":[{"embeddable":true,"href":"http:\/\/staging.ibermusicas.org\/index.php\/wp-json\/wp\/v2\/users\/7"}],"replies":[{"embeddable":true,"href":"http:\/\/staging.ibermusicas.org\/index.php\/wp-json\/wp\/v2\/comments?post=19574"}],"version-history":[{"count":1,"href":"http:\/\/staging.ibermusicas.org\/index.php\/wp-json\/wp\/v2\/posts\/19574\/revisions"}],"predecessor-version":[{"id":19576,"href":"http:\/\/staging.ibermusicas.org\/index.php\/wp-json\/wp\/v2\/posts\/19574\/revisions\/19576"}],"wp:featuredmedia":[{"embeddable":true,"href":"http:\/\/staging.ibermusicas.org\/index.php\/wp-json\/wp\/v2\/media\/19575"}],"wp:attachment":[{"href":"http:\/\/staging.ibermusicas.org\/index.php\/wp-json\/wp\/v2\/media?parent=19574"}],"wp:term":[{"taxonomy":"category","embeddable":true,"href":"http:\/\/staging.ibermusicas.org\/index.php\/wp-json\/wp\/v2\/categories?post=19574"},{"taxonomy":"post_tag","embeddable":true,"href":"http:\/\/staging.ibermusicas.org\/index.php\/wp-json\/wp\/v2\/tags?post=19574"}],"curies":[{"name":"wp","href":"https:\/\/api.w.org\/{rel}","templated":true}]}}