{"id":19595,"date":"2024-08-01T19:36:45","date_gmt":"2024-08-01T19:36:45","guid":{"rendered":"http:\/\/staging.ibermusicas.org\/?p=19595"},"modified":"2024-08-01T19:36:45","modified_gmt":"2024-08-01T19:36:45","slug":"el-musico-chileno-adolfo-jorquera-traipi-presenta-el-trabajo-final-de-su-pasantia-en-arpa-con-el-maestro-yins-ever-coronado-capcha","status":"publish","type":"post","link":"http:\/\/staging.ibermusicas.org\/index.php\/el-musico-chileno-adolfo-jorquera-traipi-presenta-el-trabajo-final-de-su-pasantia-en-arpa-con-el-maestro-yins-ever-coronado-capcha\/","title":{"rendered":"El m\u00fasico chileno Adolfo Jorquera Traipi presenta el trabajo final de su pasant\u00eda en arpa con el maestro Yins Ever Coronado Capcha"},"content":{"rendered":"<p>El m\u00fasico y estudiante Adolfo Jorquera (Abuelo Kirkiri) acaba de finalizar una pasant\u00eda de estudios en el Centro Cultural Manuelcha Prado (Lima, Per\u00fa) con el maestro Yins Ever Coronado Capcha.<\/p>\n<p>&nbsp;<\/p>\n<p>Adolfo Jorquera (Abuelo Kirkiri) es un bajista, autor y compositor de m\u00fasica popular del territorio andino aplicada al bajo el\u00e9ctrico solista. Su m\u00fasica intenta plasmar el imaginario de las fiestas y costumbres del altiplano andino, integrando la lengua aymara desde una perspectiva urbana. Ganador del primer lugar en el g\u00e9nero folcl\u00f3rico del XVI concurso de composici\u00f3n musical Luis Advis del a\u00f1o 2020, y del concurso Margot Loyola edici\u00f3n 2023 organizado por SCD. Alumno de la eminencia de la guitarra andina, Don Manuelcha Prado, y estudiante de lengua Aymara con los profesores Rub\u00e9n Maquera y Genara Flores.<\/p>\n<p>&nbsp;<\/p>\n<p>El proyecto de Adolfo Jorquera Traipi ha sido premiado por Iberm\u00fasicas mediante sus Ayudas al Sector Musical para la Circulaci\u00f3n Internacional.<\/p>\n<p>&nbsp;<\/p>\n<p>Viernes 2 de agosto, 19h: Centro Cultural Manuelcha Prado, Lima, Per\u00fa<\/p>\n","protected":false},"excerpt":{"rendered":"<p>El m\u00fasico y estudiante Adolfo Jorquera (Abuelo Kirkiri) acaba de finalizar una pasant\u00eda de estudios en el Centro Cultural Manuelcha Prado (Lima, Per\u00fa) con el maestro Yins Ever Coronado Capcha. &nbsp; Adolfo Jorquera (Abuelo Kirkiri) es un bajista, autor y compositor de m\u00fasica popular del territorio andino aplicada al bajo el\u00e9ctrico solista. Su m\u00fasica intenta [&hellip;]<\/p>\n","protected":false},"author":7,"featured_media":19596,"comment_status":"closed","ping_status":"closed","sticky":false,"template":"","format":"standard","meta":{"footnotes":""},"categories":[53],"tags":[],"class_list":["post-19595","post","type-post","status-publish","format-standard","has-post-thumbnail","hentry","category-noticias-generales"],"lang":"es","translations":{"es":19595,"pt":19598},"pll_sync_post":[],"post_mailing_queue_ids":[],"_links":{"self":[{"href":"http:\/\/staging.ibermusicas.org\/index.php\/wp-json\/wp\/v2\/posts\/19595","targetHints":{"allow":["GET"]}}],"collection":[{"href":"http:\/\/staging.ibermusicas.org\/index.php\/wp-json\/wp\/v2\/posts"}],"about":[{"href":"http:\/\/staging.ibermusicas.org\/index.php\/wp-json\/wp\/v2\/types\/post"}],"author":[{"embeddable":true,"href":"http:\/\/staging.ibermusicas.org\/index.php\/wp-json\/wp\/v2\/users\/7"}],"replies":[{"embeddable":true,"href":"http:\/\/staging.ibermusicas.org\/index.php\/wp-json\/wp\/v2\/comments?post=19595"}],"version-history":[{"count":1,"href":"http:\/\/staging.ibermusicas.org\/index.php\/wp-json\/wp\/v2\/posts\/19595\/revisions"}],"predecessor-version":[{"id":19597,"href":"http:\/\/staging.ibermusicas.org\/index.php\/wp-json\/wp\/v2\/posts\/19595\/revisions\/19597"}],"wp:featuredmedia":[{"embeddable":true,"href":"http:\/\/staging.ibermusicas.org\/index.php\/wp-json\/wp\/v2\/media\/19596"}],"wp:attachment":[{"href":"http:\/\/staging.ibermusicas.org\/index.php\/wp-json\/wp\/v2\/media?parent=19595"}],"wp:term":[{"taxonomy":"category","embeddable":true,"href":"http:\/\/staging.ibermusicas.org\/index.php\/wp-json\/wp\/v2\/categories?post=19595"},{"taxonomy":"post_tag","embeddable":true,"href":"http:\/\/staging.ibermusicas.org\/index.php\/wp-json\/wp\/v2\/tags?post=19595"}],"curies":[{"name":"wp","href":"https:\/\/api.w.org\/{rel}","templated":true}]}}