{"id":19598,"date":"2024-08-01T19:38:07","date_gmt":"2024-08-01T19:38:07","guid":{"rendered":"http:\/\/staging.ibermusicas.org\/?p=19598"},"modified":"2024-08-01T19:38:07","modified_gmt":"2024-08-01T19:38:07","slug":"o-musico-chileno-adolfo-jorquera-traipi-apresenta-o-trabalho-final-de-seu-estagio-de-harpa-com-o-maestro-yins-ever-coronado-capcha","status":"publish","type":"post","link":"http:\/\/staging.ibermusicas.org\/index.php\/o-musico-chileno-adolfo-jorquera-traipi-apresenta-o-trabalho-final-de-seu-estagio-de-harpa-com-o-maestro-yins-ever-coronado-capcha\/","title":{"rendered":"O m\u00fasico chileno Adolfo Jorquera Traipi apresenta o trabalho final de seu est\u00e1gio de harpa com o maestro Yins Ever Coronado Capcha"},"content":{"rendered":"<p>O m\u00fasico e estudante Adolfo Jorquera (Abuelo Kirkiri) acaba de concluir um est\u00e1gio no Centro Cultural Manuelcha Prado (Lima, Peru) com o maestro Yins Ever Coronado Capcha.<\/p>\n<p>&nbsp;<\/p>\n<p>Adolfo Jorquera (Abuelo Kirkiri) \u00e9 um baixista, autor e compositor de m\u00fasica popular do territ\u00f3rio andino aplicada ao baixo el\u00e9trico solo. Sua m\u00fasica tenta capturar o imagin\u00e1rio das festividades e dos costumes do altiplano andino, integrando o idioma aimar\u00e1 a partir de uma perspectiva urbana. Vencedor do primeiro lugar no g\u00eanero folcl\u00f3rico do XVI concurso de composi\u00e7\u00e3o musical Luis Advis em 2020, e do concurso Margot Loyola edi\u00e7\u00e3o 2023 organizado pela SCD. Aluno da emin\u00eancia do viol\u00e3o andino, Don Manuelcha Prado, e estudante da l\u00edngua aimar\u00e1 com os professores Rub\u00e9n Maquera e Genara Flores.<\/p>\n<p>&nbsp;<\/p>\n<p>O projeto de Adolfo Jorquera Traipi foi premiado pelo Iberm\u00fasicas por meio do programa Ajudas ao Sector Musical para a Circula\u00e7\u00e3o Internacional.<\/p>\n<p>&nbsp;<\/p>\n<ul>\n<li>Sexta-feira, 2 de agosto, 19h: Centro Cultural Manuelcha Prado, Lima, Peru<\/li>\n<\/ul>\n","protected":false},"excerpt":{"rendered":"<p>O m\u00fasico e estudante Adolfo Jorquera (Abuelo Kirkiri) acaba de concluir um est\u00e1gio no Centro Cultural Manuelcha Prado (Lima, Peru) com o maestro Yins Ever Coronado Capcha. &nbsp; Adolfo Jorquera (Abuelo Kirkiri) \u00e9 um baixista, autor e compositor de m\u00fasica popular do territ\u00f3rio andino aplicada ao baixo el\u00e9trico solo. Sua m\u00fasica tenta capturar o imagin\u00e1rio [&hellip;]<\/p>\n","protected":false},"author":7,"featured_media":19596,"comment_status":"closed","ping_status":"closed","sticky":false,"template":"","format":"standard","meta":{"footnotes":""},"categories":[218],"tags":[],"class_list":["post-19598","post","type-post","status-publish","format-standard","has-post-thumbnail","hentry","category-noticias-generales-pt"],"lang":"pt","translations":{"pt":19598,"es":19595},"pll_sync_post":[],"post_mailing_queue_ids":[],"_links":{"self":[{"href":"http:\/\/staging.ibermusicas.org\/index.php\/wp-json\/wp\/v2\/posts\/19598","targetHints":{"allow":["GET"]}}],"collection":[{"href":"http:\/\/staging.ibermusicas.org\/index.php\/wp-json\/wp\/v2\/posts"}],"about":[{"href":"http:\/\/staging.ibermusicas.org\/index.php\/wp-json\/wp\/v2\/types\/post"}],"author":[{"embeddable":true,"href":"http:\/\/staging.ibermusicas.org\/index.php\/wp-json\/wp\/v2\/users\/7"}],"replies":[{"embeddable":true,"href":"http:\/\/staging.ibermusicas.org\/index.php\/wp-json\/wp\/v2\/comments?post=19598"}],"version-history":[{"count":1,"href":"http:\/\/staging.ibermusicas.org\/index.php\/wp-json\/wp\/v2\/posts\/19598\/revisions"}],"predecessor-version":[{"id":19599,"href":"http:\/\/staging.ibermusicas.org\/index.php\/wp-json\/wp\/v2\/posts\/19598\/revisions\/19599"}],"wp:featuredmedia":[{"embeddable":true,"href":"http:\/\/staging.ibermusicas.org\/index.php\/wp-json\/wp\/v2\/media\/19596"}],"wp:attachment":[{"href":"http:\/\/staging.ibermusicas.org\/index.php\/wp-json\/wp\/v2\/media?parent=19598"}],"wp:term":[{"taxonomy":"category","embeddable":true,"href":"http:\/\/staging.ibermusicas.org\/index.php\/wp-json\/wp\/v2\/categories?post=19598"},{"taxonomy":"post_tag","embeddable":true,"href":"http:\/\/staging.ibermusicas.org\/index.php\/wp-json\/wp\/v2\/tags?post=19598"}],"curies":[{"name":"wp","href":"https:\/\/api.w.org\/{rel}","templated":true}]}}