{"id":19600,"date":"2024-08-01T19:39:31","date_gmt":"2024-08-01T19:39:31","guid":{"rendered":"http:\/\/staging.ibermusicas.org\/?p=19600"},"modified":"2024-08-30T17:39:27","modified_gmt":"2024-08-30T17:39:27","slug":"ludica-musica-realizara-su-primera-gira-por-noruega","status":"publish","type":"post","link":"http:\/\/staging.ibermusicas.org\/index.php\/ludica-musica-realizara-su-primera-gira-por-noruega\/","title":{"rendered":"\u00a1L\u00fadica M\u00fasica! realizar\u00e1 su primera gira por Noruega"},"content":{"rendered":"<p>\u00a1L\u00fadica M\u00fasica! es un tr\u00edo \u00absui generis\u00bb con m\u00e1s de 30 a\u00f1os de historia, formado por Rosana Britto (voz, guitarra, percusi\u00f3n), Isabella Ladeira (voz, percusi\u00f3n) y Gutti Mendes (voz, guitarra, percusi\u00f3n), brasile\u00f1as y brasile\u00f1o de Minas Gerais que viven en Portugal desde 2019 y llevan m\u00e1s de 20 a\u00f1os actuando por todo el pa\u00eds, dando conciertos e impartiendo los talleres de percusi\u00f3n \u00abOficina L\u00fadica de Ritmos\u00bb y \u00abShowficina L\u00fadica!\u00bb.<\/p>\n<p>&nbsp;<\/p>\n<p>Con el apoyo del Programa Iberm\u00fasicas, realizar\u00e1n sus primeros conciertos y talleres a Noruega, que tendr\u00e1n lugar en Stavanger, en la comunidad de artistas y espacio de trabajo KRA (Kunst Rom Arbeid) y en Vindm\u00f8llebakken Housing, un moderno complejo de viviendas sostenibles que promueve eventos y acoger\u00e1 a los artistas durante esta temporada.<\/p>\n<p>&nbsp;<\/p>\n<p>En el KRA, el tr\u00edo impartir\u00e1 el \u00abPlayful Iber Rythms Workshop\u00bb, una edici\u00f3n especial del Taller de Ritmos L\u00fadicos que privilegia la m\u00fasica y los estilos de los pa\u00edses iberoamericanos, como el samba, el bai\u00e3o y el xote de Brasil, la salsa, el bolero y los ritmos ternarios latinoamericanos, vira, malh\u00e3o y z\u00e9-pereira de Portugal, explorando las intersecciones entre ellos a trav\u00e9s de un rico cancionero grabado por artistas de fama mundial como Milton Nascimento, Caetano Veloso, Elis Regina, Carmen Miranda, Am\u00e1lia Rodrigues, Mercedes Sosa, Lucho Gatica, entre otros.<\/p>\n<p>&nbsp;<\/p>\n<p>En las Viviendas Vindm\u00f8llebakken tendr\u00e1 lugar un concierto de L\u00fadica M\u00fasica! abierto a toda la comunidad local, noruegos y emigrantes de pa\u00edses iberoamericanos y de todo el mundo que viven en la regi\u00f3n.<\/p>\n<p>&nbsp;<\/p>\n<ul>\n<li>2 de agosto, 1-3pm: Playful Music WorkShow, campamento de la escuela de m\u00fasica AKKS Stavanger, Noruega<\/li>\n<li>4 de agosto, 16.00 h: Concierto \u00ab\u00a1L\u00fadica M\u00fasica!\u00bb en las Viviendas Vindm\u00f8llebakken, Noruega<\/li>\n<li>6 y 7 de agosto, de 17.30 a 20.00 horas: Taller de m\u00fasica y ritmos l\u00fadicos con \u00a1L\u00fadica M\u00fasica! en KRA, Noruega<\/li>\n<li>7 de agosto, 20.30 h: espect\u00e1culo de clausura del taller, Noruega<\/li>\n<\/ul>\n","protected":false},"excerpt":{"rendered":"<p>\u00a1L\u00fadica M\u00fasica! es un tr\u00edo \u00absui generis\u00bb con m\u00e1s de 30 a\u00f1os de historia, formado por Rosana Britto (voz, guitarra, percusi\u00f3n), Isabella Ladeira (voz, percusi\u00f3n) y Gutti Mendes (voz, guitarra, percusi\u00f3n), brasile\u00f1as y brasile\u00f1o de Minas Gerais que viven en Portugal desde 2019 y llevan m\u00e1s de 20 a\u00f1os actuando por todo el pa\u00eds, dando [&hellip;]<\/p>\n","protected":false},"author":7,"featured_media":19601,"comment_status":"closed","ping_status":"closed","sticky":false,"template":"","format":"standard","meta":{"footnotes":""},"categories":[53],"tags":[],"class_list":["post-19600","post","type-post","status-publish","format-standard","has-post-thumbnail","hentry","category-noticias-generales"],"lang":"es","translations":{"es":19600,"pt":19603},"pll_sync_post":[],"post_mailing_queue_ids":[],"_links":{"self":[{"href":"http:\/\/staging.ibermusicas.org\/index.php\/wp-json\/wp\/v2\/posts\/19600","targetHints":{"allow":["GET"]}}],"collection":[{"href":"http:\/\/staging.ibermusicas.org\/index.php\/wp-json\/wp\/v2\/posts"}],"about":[{"href":"http:\/\/staging.ibermusicas.org\/index.php\/wp-json\/wp\/v2\/types\/post"}],"author":[{"embeddable":true,"href":"http:\/\/staging.ibermusicas.org\/index.php\/wp-json\/wp\/v2\/users\/7"}],"replies":[{"embeddable":true,"href":"http:\/\/staging.ibermusicas.org\/index.php\/wp-json\/wp\/v2\/comments?post=19600"}],"version-history":[{"count":1,"href":"http:\/\/staging.ibermusicas.org\/index.php\/wp-json\/wp\/v2\/posts\/19600\/revisions"}],"predecessor-version":[{"id":19602,"href":"http:\/\/staging.ibermusicas.org\/index.php\/wp-json\/wp\/v2\/posts\/19600\/revisions\/19602"}],"wp:featuredmedia":[{"embeddable":true,"href":"http:\/\/staging.ibermusicas.org\/index.php\/wp-json\/wp\/v2\/media\/19601"}],"wp:attachment":[{"href":"http:\/\/staging.ibermusicas.org\/index.php\/wp-json\/wp\/v2\/media?parent=19600"}],"wp:term":[{"taxonomy":"category","embeddable":true,"href":"http:\/\/staging.ibermusicas.org\/index.php\/wp-json\/wp\/v2\/categories?post=19600"},{"taxonomy":"post_tag","embeddable":true,"href":"http:\/\/staging.ibermusicas.org\/index.php\/wp-json\/wp\/v2\/tags?post=19600"}],"curies":[{"name":"wp","href":"https:\/\/api.w.org\/{rel}","templated":true}]}}