{"id":19603,"date":"2024-08-01T19:40:47","date_gmt":"2024-08-01T19:40:47","guid":{"rendered":"http:\/\/staging.ibermusicas.org\/?p=19603"},"modified":"2024-08-30T17:43:17","modified_gmt":"2024-08-30T17:43:17","slug":"ludica-musica-vai-realizar-a-sua-primeira-digressao-pela-noruega","status":"publish","type":"post","link":"http:\/\/staging.ibermusicas.org\/index.php\/ludica-musica-vai-realizar-a-sua-primeira-digressao-pela-noruega\/","title":{"rendered":"L\u00fadica M\u00fasica! vai realizar a sua primeira digress\u00e3o pela Noruega"},"content":{"rendered":"<p>L\u00fadica M\u00fasica! \u00e9 um trio \u201csui generis\u201d com mais de 30 anos de hist\u00f3ria,formado por Rosana Britto (voz, viol\u00e3o,percuss\u00e3o), Isabella Ladeira (voz, percuss\u00e3o) e Gutti Mendes (voz, guitarra, percuss\u00e3o), brasileiras e brasilerio de Minas Gerais que vivem em Portugal desde 2019 e apresentam-se pelo pa\u00eds h\u00e1 mais de 20 anos fazendo concertos e ministrando os workshops de percuss\u00e3o \u201cOficina L\u00fadica de Ritmos\u201d e \u201cShowficina L\u00fadica!\u201d.<\/p>\n<p>&nbsp;<\/p>\n<p>Levam pela primeira vez \u00e0 Noruega, com o apoio do Programa Iberm\u00fasicas, concertos e workshops que ser\u00e3o realizados em Stavanger no espa\u00e7o de trabalho e comunidade para artistas KRA (Kunst Rom Arbeid) e no Vindm\u00f8llebakken Housing, moderno conjunto habitacional sustent\u00e1vel que promove eventos e que vai hospedar os artistas durante esta temporada.<\/p>\n<p>&nbsp;<\/p>\n<p>No KRA o trio vai ministrar a \u201cPlayful Iber Rythms Workshop\u201d uma edi\u00e7\u00e3o especial da Oficina L\u00fadica de Ritmos privilegiando a m\u00fasica e estilos dos pa\u00edses ibero-americanos, como o samba, bai\u00e3o e xote do Brasil, a salsa, o bolero e os ritmos tern\u00e1rios latino-americanos, o vira, o malh\u00e3o e o z\u00e9-pereira de Portugal, explorando as interse\u00e7\u00f5es entre eles atrav\u00e9s de um riqu\u00edssimo cancioneiro gravado por artistas mundialmente conhecidos como Milton Nascimento, Caetano Veloso, Elis Regina, Carmen Miranda, Am\u00e1lia Rodrigues, Mercedes Sosa, Lucho Gatica, entre outros.<\/p>\n<p>&nbsp;<\/p>\n<p>J\u00e1 no espa\u00e7o Vindm\u00f8llebakken Housing, ser\u00e1 realizado um concerto dos L\u00fadica M\u00fasica! aberto \u00e0 toda comunidade local &#8211; noruegueses e emigrantes dos pa\u00edses ibero-americanos e de todo o mundo, que vivem na regi\u00e3o.<\/p>\n<p>&nbsp;<\/p>\n<ul>\n<li>2 de agosto de 13h \u00e0s 15h: \u00abShowficina L\u00fadica\u00bb (Playful Music WorkShow) acampamento da escola de m\u00fasica AKKS Stavanger, Noruega<\/li>\n<li>4 de agosto, 16h: Concerto \u00abL\u00fadica M\u00fasica!\u00bb no Vindm\u00f8llebakken Housing, Noruega<\/li>\n<li>6 e 7 de agosto de 17h30 \u00e0s 20h: Workshop \u00abPlayful Music and Rhythms Workshop with Ludica M\u00fasica! at KRA\u00bb, Noruega<\/li>\n<li>7 de agosto, 20h30: Showcase de encerramento do workshop, Noruega<\/li>\n<\/ul>\n","protected":false},"excerpt":{"rendered":"<p>L\u00fadica M\u00fasica! \u00e9 um trio \u201csui generis\u201d com mais de 30 anos de hist\u00f3ria,formado por Rosana Britto (voz, viol\u00e3o,percuss\u00e3o), Isabella Ladeira (voz, percuss\u00e3o) e Gutti Mendes (voz, guitarra, percuss\u00e3o), brasileiras e brasilerio de Minas Gerais que vivem em Portugal desde 2019 e apresentam-se pelo pa\u00eds h\u00e1 mais de 20 anos fazendo concertos e ministrando os [&hellip;]<\/p>\n","protected":false},"author":7,"featured_media":19601,"comment_status":"closed","ping_status":"closed","sticky":false,"template":"","format":"standard","meta":{"footnotes":""},"categories":[218],"tags":[],"class_list":["post-19603","post","type-post","status-publish","format-standard","has-post-thumbnail","hentry","category-noticias-generales-pt"],"lang":"pt","translations":{"pt":19603,"es":19600},"pll_sync_post":[],"post_mailing_queue_ids":[],"_links":{"self":[{"href":"http:\/\/staging.ibermusicas.org\/index.php\/wp-json\/wp\/v2\/posts\/19603","targetHints":{"allow":["GET"]}}],"collection":[{"href":"http:\/\/staging.ibermusicas.org\/index.php\/wp-json\/wp\/v2\/posts"}],"about":[{"href":"http:\/\/staging.ibermusicas.org\/index.php\/wp-json\/wp\/v2\/types\/post"}],"author":[{"embeddable":true,"href":"http:\/\/staging.ibermusicas.org\/index.php\/wp-json\/wp\/v2\/users\/7"}],"replies":[{"embeddable":true,"href":"http:\/\/staging.ibermusicas.org\/index.php\/wp-json\/wp\/v2\/comments?post=19603"}],"version-history":[{"count":1,"href":"http:\/\/staging.ibermusicas.org\/index.php\/wp-json\/wp\/v2\/posts\/19603\/revisions"}],"predecessor-version":[{"id":19604,"href":"http:\/\/staging.ibermusicas.org\/index.php\/wp-json\/wp\/v2\/posts\/19603\/revisions\/19604"}],"wp:featuredmedia":[{"embeddable":true,"href":"http:\/\/staging.ibermusicas.org\/index.php\/wp-json\/wp\/v2\/media\/19601"}],"wp:attachment":[{"href":"http:\/\/staging.ibermusicas.org\/index.php\/wp-json\/wp\/v2\/media?parent=19603"}],"wp:term":[{"taxonomy":"category","embeddable":true,"href":"http:\/\/staging.ibermusicas.org\/index.php\/wp-json\/wp\/v2\/categories?post=19603"},{"taxonomy":"post_tag","embeddable":true,"href":"http:\/\/staging.ibermusicas.org\/index.php\/wp-json\/wp\/v2\/tags?post=19603"}],"curies":[{"name":"wp","href":"https:\/\/api.w.org\/{rel}","templated":true}]}}