{"id":19605,"date":"2024-08-01T19:46:16","date_gmt":"2024-08-01T19:46:16","guid":{"rendered":"http:\/\/staging.ibermusicas.org\/?p=19605"},"modified":"2024-08-30T17:39:34","modified_gmt":"2024-08-30T17:39:34","slug":"la-escuela-encantada-de-espana-realizara-su-gira-por-colombia-encantando-espacios","status":"publish","type":"post","link":"http:\/\/staging.ibermusicas.org\/index.php\/la-escuela-encantada-de-espana-realizara-su-gira-por-colombia-encantando-espacios\/","title":{"rendered":"La \u201cEscuela Encantada\u201d de Espa\u00f1a realizar\u00e1 su gira\u00a0 por Colombia \u201cEncantando Espacios\u201d"},"content":{"rendered":"<p>Con el apoyo de Iberm\u00fasicas, La Escuela Encantada regresa a Colombia. La Escuela Encantada es un grupo pedag\u00f3gico-musical y formativo que ofrece conciertos did\u00e1cticos de alta calidad art\u00edstica para todos los p\u00fablicos y talleres dirigidos a diversos colectivos. Est\u00e1 dirigida por Rosal\u00eda Mowgli y cuenta con cuatro m\u00fasicos profesionales con formaci\u00f3n y experiencia en pedagog\u00eda y educaci\u00f3n para la paz y el desarrollo sostenible.<\/p>\n<p>&nbsp;<\/p>\n<p>Integran La Escuela Encantada: Rosalia Mowgli (voz, guitarra, percusi\u00f3n, aer\u00f3fonos), Marisol Bock (trompeta, voz), Luis G\u00e1lvez Punto (percusiones) y Jero Santill\u00e1n (bajo)<\/p>\n<p>&nbsp;<\/p>\n<ul>\n<li>2 y 3 de agosto: Conversatorio en el Encuentro de Canci\u00f3n Infantil Bogot\u00e1<\/li>\n<li>4 de agosto: Concierto en la franja \u00abFamilia Color\u00bb del Concejo Nacional de las Artes en la Plazoleta Delia Zapata<\/li>\n<li>9 de agosto: Concierto y Taller en Festival en Sogamoso<\/li>\n<li>12, 13, 16 de agosto: Talleres en el Centro de Reclusi\u00f3n de Mujeres \u201cEl Buen Pastor\u201d<\/li>\n<li>15 de agosto Taller en Escuela de Fundaci\u00f3n Batuta en Ciudad Bol\u00edvar<\/li>\n<li>21 de agosto: Concierto y Taller en Colegio Alem\u00e1n de Cali<\/li>\n<\/ul>\n","protected":false},"excerpt":{"rendered":"<p>Con el apoyo de Iberm\u00fasicas, La Escuela Encantada regresa a Colombia. La Escuela Encantada es un grupo pedag\u00f3gico-musical y formativo que ofrece conciertos did\u00e1cticos de alta calidad art\u00edstica para todos los p\u00fablicos y talleres dirigidos a diversos colectivos. Est\u00e1 dirigida por Rosal\u00eda Mowgli y cuenta con cuatro m\u00fasicos profesionales con formaci\u00f3n y experiencia en pedagog\u00eda [&hellip;]<\/p>\n","protected":false},"author":7,"featured_media":19606,"comment_status":"closed","ping_status":"closed","sticky":false,"template":"","format":"standard","meta":{"footnotes":""},"categories":[53],"tags":[],"class_list":["post-19605","post","type-post","status-publish","format-standard","has-post-thumbnail","hentry","category-noticias-generales"],"lang":"es","translations":{"es":19605,"pt":19608},"pll_sync_post":[],"post_mailing_queue_ids":[],"_links":{"self":[{"href":"http:\/\/staging.ibermusicas.org\/index.php\/wp-json\/wp\/v2\/posts\/19605","targetHints":{"allow":["GET"]}}],"collection":[{"href":"http:\/\/staging.ibermusicas.org\/index.php\/wp-json\/wp\/v2\/posts"}],"about":[{"href":"http:\/\/staging.ibermusicas.org\/index.php\/wp-json\/wp\/v2\/types\/post"}],"author":[{"embeddable":true,"href":"http:\/\/staging.ibermusicas.org\/index.php\/wp-json\/wp\/v2\/users\/7"}],"replies":[{"embeddable":true,"href":"http:\/\/staging.ibermusicas.org\/index.php\/wp-json\/wp\/v2\/comments?post=19605"}],"version-history":[{"count":1,"href":"http:\/\/staging.ibermusicas.org\/index.php\/wp-json\/wp\/v2\/posts\/19605\/revisions"}],"predecessor-version":[{"id":19607,"href":"http:\/\/staging.ibermusicas.org\/index.php\/wp-json\/wp\/v2\/posts\/19605\/revisions\/19607"}],"wp:featuredmedia":[{"embeddable":true,"href":"http:\/\/staging.ibermusicas.org\/index.php\/wp-json\/wp\/v2\/media\/19606"}],"wp:attachment":[{"href":"http:\/\/staging.ibermusicas.org\/index.php\/wp-json\/wp\/v2\/media?parent=19605"}],"wp:term":[{"taxonomy":"category","embeddable":true,"href":"http:\/\/staging.ibermusicas.org\/index.php\/wp-json\/wp\/v2\/categories?post=19605"},{"taxonomy":"post_tag","embeddable":true,"href":"http:\/\/staging.ibermusicas.org\/index.php\/wp-json\/wp\/v2\/tags?post=19605"}],"curies":[{"name":"wp","href":"https:\/\/api.w.org\/{rel}","templated":true}]}}