{"id":19608,"date":"2024-08-01T19:47:19","date_gmt":"2024-08-01T19:47:19","guid":{"rendered":"http:\/\/staging.ibermusicas.org\/?p=19608"},"modified":"2024-08-30T17:43:24","modified_gmt":"2024-08-30T17:43:24","slug":"a-escuela-encantada-de-espanha-fara-uma-digressao-encantando-espacios-pela-colombia","status":"publish","type":"post","link":"http:\/\/staging.ibermusicas.org\/index.php\/a-escuela-encantada-de-espanha-fara-uma-digressao-encantando-espacios-pela-colombia\/","title":{"rendered":"A \u201cEscuela Encantada\u201d de Espanha far\u00e1 uma digress\u00e3o \u201cEncantando Espacios\u201d pela Col\u00f4mbia"},"content":{"rendered":"<p>Com o apoio do Iberm\u00fasicas, La Escuela Encantada regressa \u00e0 Col\u00f4mbia. La Escuela Encantada \u00e9 um grupo pedag\u00f3gico-musical e educativo que oferece concertos did\u00e1cticos de alta qualidade art\u00edstica para todos os p\u00fablicos e oficinas dirigidas a diversos grupos. \u00c9 dirigido por Rosal\u00eda Mowgli e conta com quatro m\u00fasicos profissionais com forma\u00e7\u00e3o e experi\u00eancia em pedagogia e educa\u00e7\u00e3o para a paz e o desenvolvimento sustent\u00e1vel.<\/p>\n<p>&nbsp;<\/p>\n<p>Os membros de La Escuela Encantada s\u00e3o: Rosalia Mowgli (voz, guitarra, percuss\u00e3o, aerofones), Marisol Bock (trompete, voz), Luis G\u00e1lvez Punto (percuss\u00f5es) e Jero Santill\u00e1n (baixo).<\/p>\n<p>&nbsp;<\/p>\n<ul>\n<li>2 e 3 de agosto: Conversa no Encuentro de Canci\u00f3n Infantil Bogot\u00e1.<\/li>\n<li>4 de agosto: Concerto na franja \u201cFamilia Color\u201d do Concejo Nacional de las Artes na Plazoleta Delia Zapata<\/li>\n<li>9 de agosto: Concerto e Workshop no Festival em Sogamoso<\/li>\n<li>12, 13, 16 de agosto: Workshops na Pris\u00e3o de Mulheres \u201cEl Buen Pastor\u201d.<\/li>\n<li>15 de agosto: Workshop na Escola da Funda\u00e7\u00e3o Batuta em Ciudad Bol\u00edvar<\/li>\n<li>21 de agosto: Concerto e workshop no Col\u00e9gio Alem\u00e1n de Cali<\/li>\n<\/ul>\n","protected":false},"excerpt":{"rendered":"<p>Com o apoio do Iberm\u00fasicas, La Escuela Encantada regressa \u00e0 Col\u00f4mbia. La Escuela Encantada \u00e9 um grupo pedag\u00f3gico-musical e educativo que oferece concertos did\u00e1cticos de alta qualidade art\u00edstica para todos os p\u00fablicos e oficinas dirigidas a diversos grupos. \u00c9 dirigido por Rosal\u00eda Mowgli e conta com quatro m\u00fasicos profissionais com forma\u00e7\u00e3o e experi\u00eancia em pedagogia [&hellip;]<\/p>\n","protected":false},"author":7,"featured_media":19606,"comment_status":"closed","ping_status":"closed","sticky":false,"template":"","format":"standard","meta":{"footnotes":""},"categories":[218],"tags":[],"class_list":["post-19608","post","type-post","status-publish","format-standard","has-post-thumbnail","hentry","category-noticias-generales-pt"],"lang":"pt","translations":{"pt":19608,"es":19605},"pll_sync_post":[],"post_mailing_queue_ids":[],"_links":{"self":[{"href":"http:\/\/staging.ibermusicas.org\/index.php\/wp-json\/wp\/v2\/posts\/19608","targetHints":{"allow":["GET"]}}],"collection":[{"href":"http:\/\/staging.ibermusicas.org\/index.php\/wp-json\/wp\/v2\/posts"}],"about":[{"href":"http:\/\/staging.ibermusicas.org\/index.php\/wp-json\/wp\/v2\/types\/post"}],"author":[{"embeddable":true,"href":"http:\/\/staging.ibermusicas.org\/index.php\/wp-json\/wp\/v2\/users\/7"}],"replies":[{"embeddable":true,"href":"http:\/\/staging.ibermusicas.org\/index.php\/wp-json\/wp\/v2\/comments?post=19608"}],"version-history":[{"count":1,"href":"http:\/\/staging.ibermusicas.org\/index.php\/wp-json\/wp\/v2\/posts\/19608\/revisions"}],"predecessor-version":[{"id":19609,"href":"http:\/\/staging.ibermusicas.org\/index.php\/wp-json\/wp\/v2\/posts\/19608\/revisions\/19609"}],"wp:featuredmedia":[{"embeddable":true,"href":"http:\/\/staging.ibermusicas.org\/index.php\/wp-json\/wp\/v2\/media\/19606"}],"wp:attachment":[{"href":"http:\/\/staging.ibermusicas.org\/index.php\/wp-json\/wp\/v2\/media?parent=19608"}],"wp:term":[{"taxonomy":"category","embeddable":true,"href":"http:\/\/staging.ibermusicas.org\/index.php\/wp-json\/wp\/v2\/categories?post=19608"},{"taxonomy":"post_tag","embeddable":true,"href":"http:\/\/staging.ibermusicas.org\/index.php\/wp-json\/wp\/v2\/tags?post=19608"}],"curies":[{"name":"wp","href":"https:\/\/api.w.org\/{rel}","templated":true}]}}