{"id":19610,"date":"2024-08-01T19:51:27","date_gmt":"2024-08-01T19:51:27","guid":{"rendered":"http:\/\/staging.ibermusicas.org\/?p=19610"},"modified":"2024-08-30T17:39:49","modified_gmt":"2024-08-30T17:39:49","slug":"francisco-cesar-inicia-en-argentina-su-formacion-tecnica-y-artistica-en-tango-y-bandoneon","status":"publish","type":"post","link":"http:\/\/staging.ibermusicas.org\/index.php\/francisco-cesar-inicia-en-argentina-su-formacion-tecnica-y-artistica-en-tango-y-bandoneon\/","title":{"rendered":"Francisco Cesar inicia en Argentina su formaci\u00f3n t\u00e9cnica y art\u00edstica en Tango y Bandone\u00f3n"},"content":{"rendered":"<p>La actividad propone un per\u00edodo de inmersi\u00f3n y desarrollo t\u00e9cnico-art\u00edstico para el m\u00fasico e instrumentista brasile\u00f1o, Francisco Cesar. El objetivo principal es realizar estudios musicales en la ciudad de Buenos Aires (Argentina). La actividad se centrar\u00e1 en estudios t\u00e9cnicos e interpretativos del bandone\u00f3n (instrumento musical t\u00edpico del tango argentino que se ha dado a conocer internacionalmente a trav\u00e9s de m\u00fasicos como Astor Piazzolla, An\u00edbal Troilo, Leopoldo Federico, Alejandro Barletta, Ren\u00e9 Marino Rivero, entre otros).<\/p>\n<p>&nbsp;<\/p>\n<p>El curso y las actividades se desarrollar\u00e1n bajo la gu\u00eda de maestros de probada formaci\u00f3n y experiencia art\u00edstica, teniendo como principal supervisor al maestro Rodolfo Daluisio, referente como compositor e int\u00e9rprete de bandone\u00f3n, adem\u00e1s de destacado director\/docente en diversas instituciones de educaci\u00f3n superior musical de Argentina.<\/p>\n<p>&nbsp;<\/p>\n<p>Francisco Cesar vive y trabaja en Belo Horizonte, Minas Gerais, Brasil. Trabaja profesionalmente en el mundo de las artes desde 2002 como m\u00fasico, artista sonoro y productor cultural. Como m\u00fasico, se especializa en saxof\u00f3n y bandone\u00f3n, habiendo asistido a cursos de formaci\u00f3n en la Fundaci\u00f3n de Educaci\u00f3n Art\u00edstica y estudiado con los directores Rufo Herrera y Rodolfo Daluisio en el Conservatorio de M\u00fasica \u00abManuel de Falla\u00bb de la ciudad de Buenos Aires (AR). Ha creado instalaciones sonoras y bandas sonoras para cine y teatro. Ha trabajado como productor y gestor cultural para la Orquesta Filarm\u00f3nica de Minas Gerais y la Fundaci\u00f3n de Educaci\u00f3n Art\u00edstica.<\/p>\n<p>&nbsp;<\/p>\n<ul>\n<li>3 al 21 de agosto, Ciudad de Buenos Aires, Argentina<\/li>\n<\/ul>\n","protected":false},"excerpt":{"rendered":"<p>La actividad propone un per\u00edodo de inmersi\u00f3n y desarrollo t\u00e9cnico-art\u00edstico para el m\u00fasico e instrumentista brasile\u00f1o, Francisco Cesar. El objetivo principal es realizar estudios musicales en la ciudad de Buenos Aires (Argentina). La actividad se centrar\u00e1 en estudios t\u00e9cnicos e interpretativos del bandone\u00f3n (instrumento musical t\u00edpico del tango argentino que se ha dado a conocer [&hellip;]<\/p>\n","protected":false},"author":7,"featured_media":19611,"comment_status":"closed","ping_status":"closed","sticky":false,"template":"","format":"standard","meta":{"footnotes":""},"categories":[53],"tags":[],"class_list":["post-19610","post","type-post","status-publish","format-standard","has-post-thumbnail","hentry","category-noticias-generales"],"lang":"es","translations":{"es":19610,"pt":19613},"pll_sync_post":[],"post_mailing_queue_ids":[],"_links":{"self":[{"href":"http:\/\/staging.ibermusicas.org\/index.php\/wp-json\/wp\/v2\/posts\/19610","targetHints":{"allow":["GET"]}}],"collection":[{"href":"http:\/\/staging.ibermusicas.org\/index.php\/wp-json\/wp\/v2\/posts"}],"about":[{"href":"http:\/\/staging.ibermusicas.org\/index.php\/wp-json\/wp\/v2\/types\/post"}],"author":[{"embeddable":true,"href":"http:\/\/staging.ibermusicas.org\/index.php\/wp-json\/wp\/v2\/users\/7"}],"replies":[{"embeddable":true,"href":"http:\/\/staging.ibermusicas.org\/index.php\/wp-json\/wp\/v2\/comments?post=19610"}],"version-history":[{"count":1,"href":"http:\/\/staging.ibermusicas.org\/index.php\/wp-json\/wp\/v2\/posts\/19610\/revisions"}],"predecessor-version":[{"id":19612,"href":"http:\/\/staging.ibermusicas.org\/index.php\/wp-json\/wp\/v2\/posts\/19610\/revisions\/19612"}],"wp:featuredmedia":[{"embeddable":true,"href":"http:\/\/staging.ibermusicas.org\/index.php\/wp-json\/wp\/v2\/media\/19611"}],"wp:attachment":[{"href":"http:\/\/staging.ibermusicas.org\/index.php\/wp-json\/wp\/v2\/media?parent=19610"}],"wp:term":[{"taxonomy":"category","embeddable":true,"href":"http:\/\/staging.ibermusicas.org\/index.php\/wp-json\/wp\/v2\/categories?post=19610"},{"taxonomy":"post_tag","embeddable":true,"href":"http:\/\/staging.ibermusicas.org\/index.php\/wp-json\/wp\/v2\/tags?post=19610"}],"curies":[{"name":"wp","href":"https:\/\/api.w.org\/{rel}","templated":true}]}}