{"id":19613,"date":"2024-08-01T19:52:45","date_gmt":"2024-08-01T19:52:45","guid":{"rendered":"http:\/\/staging.ibermusicas.org\/?p=19613"},"modified":"2024-08-30T17:43:29","modified_gmt":"2024-08-30T17:43:29","slug":"francisco-cesar-inicia-seu-aperfeicoamento-tecnico-artistico-na-argentina-em-tango-e-bandoneon","status":"publish","type":"post","link":"http:\/\/staging.ibermusicas.org\/index.php\/francisco-cesar-inicia-seu-aperfeicoamento-tecnico-artistico-na-argentina-em-tango-e-bandoneon\/","title":{"rendered":"Francisco Cesar inicia seu aperfei\u00e7oamento t\u00e9cnico-art\u00edstico na Argentina em Tango e Bandone\u00f3n"},"content":{"rendered":"<p>A atividade prop\u00f5e um per\u00edodo de imers\u00e3o e aperfei\u00e7oamento t\u00e9cnico-art\u00edstico do m\u00fasico e instrumentista brasileiro Francisco Cesar. O objetivo principal \u00e9 realizar estudos musicais na cidade de Buenos Aires (Argentina), tendo como foco estudos t\u00e9cnicos e interpretativos de bandone\u00f3n (instrumento musical t\u00edpico do tango argentino e que se tornou internacionalmente conhecido atrav\u00e9s de m\u00fasicos como Astor Piazzolla, Anibal Troilo, Leopoldo Federico, Alejandro Barletta, Ren\u00e9 Marino Rivero, dentre outros).<\/p>\n<p>&nbsp;<\/p>\n<p>O curso e as atividades ser\u00e3o realizados com a orienta\u00e7\u00e3o de mestres-professores com comprovada forma\u00e7\u00e3o e experi\u00eancia art\u00edstica, tendo como principal orientador o maestro Rodolfo Daluisio, refer\u00eancia como compositor, int\u00e9rprete de bandone\u00f3n, al\u00e9m de maestro\/docente destacado em diversas institui\u00e7\u00f5es de ensino superior de m\u00fasica na Argentina.<\/p>\n<p>&nbsp;<\/p>\n<p>Francisco Cesar vive e trabalha em Belo Horizonte, Minas Gerais, Brasil. Atua profissionalmente no campo das artes desde 2002 exercendo atividade de m\u00fasico, artista-sonoro e produtor cultural. Como m\u00fasico possui especialidade em saxofone e bandon\u00e9on, tendo frequentado os cursos de forma\u00e7\u00e3o da Funda\u00e7\u00e3o de Educa\u00e7\u00e3o Art\u00edstica e estudado como maestros Rufo Herrera e Rodolfo Daluisio, no Conservat\u00f3rio Superior de M\u00fasica \u201cManuel de Falla\u201d da Cidade de Buenos Aires (AR). Realiza instala\u00e7\u00f5es sonoras e trilhas para cinema e teatro. Trabalhou como produtor e gestor cultural na Orquestra Filarm\u00f4nica de Minas Gerais e na Funda\u00e7\u00e3o de Educa\u00e7\u00e3o Art\u00edstica.<\/p>\n<p>&nbsp;<\/p>\n<p>3 ao 21 de agosto, Cidade de Buenos Aires, Argentina<\/p>\n","protected":false},"excerpt":{"rendered":"<p>A atividade prop\u00f5e um per\u00edodo de imers\u00e3o e aperfei\u00e7oamento t\u00e9cnico-art\u00edstico do m\u00fasico e instrumentista brasileiro Francisco Cesar. O objetivo principal \u00e9 realizar estudos musicais na cidade de Buenos Aires (Argentina), tendo como foco estudos t\u00e9cnicos e interpretativos de bandone\u00f3n (instrumento musical t\u00edpico do tango argentino e que se tornou internacionalmente conhecido atrav\u00e9s de m\u00fasicos como [&hellip;]<\/p>\n","protected":false},"author":7,"featured_media":19611,"comment_status":"closed","ping_status":"closed","sticky":false,"template":"","format":"standard","meta":{"footnotes":""},"categories":[218],"tags":[],"class_list":["post-19613","post","type-post","status-publish","format-standard","has-post-thumbnail","hentry","category-noticias-generales-pt"],"lang":"pt","translations":{"pt":19613,"es":19610},"pll_sync_post":[],"post_mailing_queue_ids":[],"_links":{"self":[{"href":"http:\/\/staging.ibermusicas.org\/index.php\/wp-json\/wp\/v2\/posts\/19613","targetHints":{"allow":["GET"]}}],"collection":[{"href":"http:\/\/staging.ibermusicas.org\/index.php\/wp-json\/wp\/v2\/posts"}],"about":[{"href":"http:\/\/staging.ibermusicas.org\/index.php\/wp-json\/wp\/v2\/types\/post"}],"author":[{"embeddable":true,"href":"http:\/\/staging.ibermusicas.org\/index.php\/wp-json\/wp\/v2\/users\/7"}],"replies":[{"embeddable":true,"href":"http:\/\/staging.ibermusicas.org\/index.php\/wp-json\/wp\/v2\/comments?post=19613"}],"version-history":[{"count":1,"href":"http:\/\/staging.ibermusicas.org\/index.php\/wp-json\/wp\/v2\/posts\/19613\/revisions"}],"predecessor-version":[{"id":19614,"href":"http:\/\/staging.ibermusicas.org\/index.php\/wp-json\/wp\/v2\/posts\/19613\/revisions\/19614"}],"wp:featuredmedia":[{"embeddable":true,"href":"http:\/\/staging.ibermusicas.org\/index.php\/wp-json\/wp\/v2\/media\/19611"}],"wp:attachment":[{"href":"http:\/\/staging.ibermusicas.org\/index.php\/wp-json\/wp\/v2\/media?parent=19613"}],"wp:term":[{"taxonomy":"category","embeddable":true,"href":"http:\/\/staging.ibermusicas.org\/index.php\/wp-json\/wp\/v2\/categories?post=19613"},{"taxonomy":"post_tag","embeddable":true,"href":"http:\/\/staging.ibermusicas.org\/index.php\/wp-json\/wp\/v2\/tags?post=19613"}],"curies":[{"name":"wp","href":"https:\/\/api.w.org\/{rel}","templated":true}]}}