{"id":19620,"date":"2024-08-01T20:00:28","date_gmt":"2024-08-01T20:00:28","guid":{"rendered":"http:\/\/staging.ibermusicas.org\/?p=19620"},"modified":"2024-08-01T20:00:28","modified_gmt":"2024-08-01T20:00:28","slug":"la-musica-chilena-constanza-garcia-inicia-su-curso-de-especializacion-en-creacion-y-performance-contemporanea-en-estocolmo-suecia-junto-a-la-maestra-espanola-hara-alonso","status":"publish","type":"post","link":"http:\/\/staging.ibermusicas.org\/index.php\/la-musica-chilena-constanza-garcia-inicia-su-curso-de-especializacion-en-creacion-y-performance-contemporanea-en-estocolmo-suecia-junto-a-la-maestra-espanola-hara-alonso\/","title":{"rendered":"La m\u00fasica chilena Constanza Garc\u00eda inicia su curso de especializaci\u00f3n en creaci\u00f3n y performance contempor\u00e1nea en Estocolmo, Suecia, junto a la maestra espa\u00f1ola Hara Alonso"},"content":{"rendered":"<p>En este curso de especializaci\u00f3n en Estocolmo, Constanza Garc\u00eda trabajar\u00e1 de forma intensiva sobre el uso de nuevas tecnolog\u00edas y su aplicaci\u00f3n en el campo de la interpretaci\u00f3n y la creaci\u00f3n perform\u00e1tica, teniendo como base sonora los instrumentos que han sido parte de la carrera de la int\u00e9rprete, como la flauta traversa, los aer\u00f3fonos latinoamericanos y la percusi\u00f3n afro latinoamericana.<\/p>\n<p>&nbsp;<\/p>\n<p>El programa de estudios consta de seis cursos enfocados en el aprendizaje de t\u00e9cnicas de grabaci\u00f3n, producci\u00f3n y edici\u00f3n musical, programaci\u00f3n musical, s\u00edntesis de sonido, teor\u00eda y est\u00e9tica y enfoques interdisciplinarios de creaci\u00f3n.<\/p>\n<p>&nbsp;<\/p>\n<p>Hara Alonso es docente de programacio\u0301n musical, improvisacio\u0301n y composicio\u0301n en el Royal Academy of Music en Estocolmo. El curso finalizar\u00e1 con un concierto\/performance en la ciudad de Estocolmo.<\/p>\n<p>&nbsp;<\/p>\n<p>En el a\u00f1o 2011 Constanza Garc\u00eda ingresa a la carrera de Interpretaci\u00f3n musical menci\u00f3n Flauta traversa en el Instituto de M\u00fasica de la Pontificia Universidad Cat\u00f3lica de Valpara\u00edso, con el maestro Alejandro Lavanderos. Por otro lado entre los a\u00f1os 2009 y 2014 ha cursado clases de aer\u00f3fonos andinos, percusi\u00f3n afro latinoamericana y clases magistrales con reconocidos m\u00fasicos tales como el flautista Franc\u00e9s Pierre-Yves Artaud y la percusionista cubana Brenda Navarrete, entre otros. Ha participado en los encuentros de Flauta de peque\u00f1os y j\u00f3venes flautistas de la V regi\u00f3n como alumna y posteriormente como monitora y en el III y IV Festival de Flautas del Mundo en Mendoza, Argentina (2011 y 2012), Festival internacional Berlioz-Francia 2014 junto al ensamble Antara, Gira Europa Orquesta Andina 2016, Gira Ensamble Antara Inglaterra-Francia 2016, Premio Pulsar 2017 categor\u00eda mejor artista de m\u00fasica de ra\u00edz junto a la Orquesta Andina y Gira \u00abFreund Stein\u00bb junto al Ensamble F(r)actura. Su m\u00e1s reciente trabajo ha sido el montaje de la performance interdisciplinaria \u201cPsique\u201d aportando desde la composicio\u0301n y la interpretacio\u0301n. \u201cPsique\u201d ha sido estrenada en Chile (2022) y los Estado Unidos (2023).<\/p>\n<p>&nbsp;<\/p>\n<p>Este ciclo de estudios de Constanza Garc\u00eda es posible gracias al apoyo de Iberm\u00fasicas mediante sus ayudas a la especializaci\u00f3n, convocatoria 2023.<\/p>\n<p>&nbsp;<\/p>\n<p>Desde el 5 de agosto al 27 de septiembre, Estocolmo, Suecia<\/p>\n","protected":false},"excerpt":{"rendered":"<p>En este curso de especializaci\u00f3n en Estocolmo, Constanza Garc\u00eda trabajar\u00e1 de forma intensiva sobre el uso de nuevas tecnolog\u00edas y su aplicaci\u00f3n en el campo de la interpretaci\u00f3n y la creaci\u00f3n perform\u00e1tica, teniendo como base sonora los instrumentos que han sido parte de la carrera de la int\u00e9rprete, como la flauta traversa, los aer\u00f3fonos latinoamericanos [&hellip;]<\/p>\n","protected":false},"author":7,"featured_media":19621,"comment_status":"closed","ping_status":"closed","sticky":false,"template":"","format":"standard","meta":{"footnotes":""},"categories":[53],"tags":[],"class_list":["post-19620","post","type-post","status-publish","format-standard","has-post-thumbnail","hentry","category-noticias-generales"],"lang":"es","translations":{"es":19620,"pt":19623},"pll_sync_post":[],"post_mailing_queue_ids":[],"_links":{"self":[{"href":"http:\/\/staging.ibermusicas.org\/index.php\/wp-json\/wp\/v2\/posts\/19620","targetHints":{"allow":["GET"]}}],"collection":[{"href":"http:\/\/staging.ibermusicas.org\/index.php\/wp-json\/wp\/v2\/posts"}],"about":[{"href":"http:\/\/staging.ibermusicas.org\/index.php\/wp-json\/wp\/v2\/types\/post"}],"author":[{"embeddable":true,"href":"http:\/\/staging.ibermusicas.org\/index.php\/wp-json\/wp\/v2\/users\/7"}],"replies":[{"embeddable":true,"href":"http:\/\/staging.ibermusicas.org\/index.php\/wp-json\/wp\/v2\/comments?post=19620"}],"version-history":[{"count":1,"href":"http:\/\/staging.ibermusicas.org\/index.php\/wp-json\/wp\/v2\/posts\/19620\/revisions"}],"predecessor-version":[{"id":19622,"href":"http:\/\/staging.ibermusicas.org\/index.php\/wp-json\/wp\/v2\/posts\/19620\/revisions\/19622"}],"wp:featuredmedia":[{"embeddable":true,"href":"http:\/\/staging.ibermusicas.org\/index.php\/wp-json\/wp\/v2\/media\/19621"}],"wp:attachment":[{"href":"http:\/\/staging.ibermusicas.org\/index.php\/wp-json\/wp\/v2\/media?parent=19620"}],"wp:term":[{"taxonomy":"category","embeddable":true,"href":"http:\/\/staging.ibermusicas.org\/index.php\/wp-json\/wp\/v2\/categories?post=19620"},{"taxonomy":"post_tag","embeddable":true,"href":"http:\/\/staging.ibermusicas.org\/index.php\/wp-json\/wp\/v2\/tags?post=19620"}],"curies":[{"name":"wp","href":"https:\/\/api.w.org\/{rel}","templated":true}]}}