{"id":19623,"date":"2024-08-01T20:02:30","date_gmt":"2024-08-01T20:02:30","guid":{"rendered":"http:\/\/staging.ibermusicas.org\/?p=19623"},"modified":"2024-08-01T20:02:30","modified_gmt":"2024-08-01T20:02:30","slug":"a-musicista-chilena-constanza-garcia-inicia-o-seu-curso-de-especializacao-em-criacao-e-performance-contemporanea-em-estocolmo-suecia-juntamente-com-a-professora-espanhola-hara-alonso","status":"publish","type":"post","link":"http:\/\/staging.ibermusicas.org\/index.php\/a-musicista-chilena-constanza-garcia-inicia-o-seu-curso-de-especializacao-em-criacao-e-performance-contemporanea-em-estocolmo-suecia-juntamente-com-a-professora-espanhola-hara-alonso\/","title":{"rendered":"A musicista chilena Constanza Garc\u00eda inicia o seu curso de especializa\u00e7\u00e3o em cria\u00e7\u00e3o e performance contempor\u00e2nea em Estocolmo, Su\u00e9cia, juntamente com a professora espanhola Hara Alonso"},"content":{"rendered":"<p>Neste curso de especializa\u00e7\u00e3o em Estocolmo, Constanza Garc\u00eda trabalhar\u00e1 intensamente o uso das novas tecnologias e a sua aplica\u00e7\u00e3o no campo da interpreta\u00e7\u00e3o e da cria\u00e7\u00e3o performativa, tendo como base sonora os instrumentos que t\u00eam feito parte da carreira da int\u00e9rprete, como a flauta transversal, os aerofones latino-americanos e a percuss\u00e3o afro-latino-americana.<\/p>\n<p>&nbsp;<\/p>\n<p>O programa de estudos \u00e9 composto por seis cursos centrados na aprendizagem de t\u00e9cnicas de grava\u00e7\u00e3o, produ\u00e7\u00e3o e edi\u00e7\u00e3o musical, programa\u00e7\u00e3o musical, s\u00edntese sonora, teoria e est\u00e9tica, e abordagens interdisciplinares \u00e0 cria\u00e7\u00e3o.<\/p>\n<p>&nbsp;<\/p>\n<p>Hara Alonso ensina programa\u00e7\u00e3o musical, improvisa\u00e7\u00e3o e composi\u00e7\u00e3o na Academia Real de M\u00fasica de Estocolmo. O curso termina com um concerto\/performance em Estocolmo.<\/p>\n<p>&nbsp;<\/p>\n<p>Em 2011 Constanza Garc\u00eda ingressou na carreira de Interpreta\u00e7\u00e3o Musical mencionando Flauta no Instituto de M\u00fasica da Pontificia Universidad Cat\u00f3lica de Valpara\u00edso, com o maestro Alejandro Lavanderos. Por outro lado, entre 2009 e 2014 teve aulas de aerofones andinos, percuss\u00e3o afro-latino-americana e master classes com m\u00fasicos de renome como o flautista franc\u00eas Pierre-Yves Artaud e a percussionista cubana Brenda Navarrete, entre outros. Participou dos encontros de flautas de jovens flautistas da V regi\u00e3o como aluna e posteriormente como monitora e do III e IV Festival de Flautas do Mundo em Mendoza, Argentina (2011 e 2012), Festival Internacional Berlioz-Fran\u00e7a 2014 com o Antara Ensemble, Turn\u00ea Europa Orquesta Andina 2016, Turn\u00ea Ensamble Antara Inglaterra-Fran\u00e7a 2016, Pr\u00eamio Pulsar 2017 categoria melhor artista de m\u00fasica de raiz com a Orquesta Andina e Turn\u00ea \u00abFreund Stein\u00bb com o Ensamble F(r)actura. O seu trabalho mais recente \u00e9 a performance interdisciplinar \u00abPsique\u00bb, que criou como compositora e int\u00e9rprete. \u00abPsique\u00bb foi estreada no Chile (2022) e nos Estados Unidos (2023).<\/p>\n<p>&nbsp;<\/p>\n<p>Este ciclo de estudos de Constanza Garc\u00eda \u00e9 poss\u00edvel gra\u00e7as ao apoio do Iberm\u00fasicas atrav\u00e9s das suas Ajudas para especializa\u00e7\u00e3o, convocat\u00f3ria 2023.<\/p>\n<p>&nbsp;<\/p>\n<ul>\n<li>De 5 de agosto a 27 de setembro, Estocolmo, Su\u00e9cia<\/li>\n<\/ul>\n","protected":false},"excerpt":{"rendered":"<p>Neste curso de especializa\u00e7\u00e3o em Estocolmo, Constanza Garc\u00eda trabalhar\u00e1 intensamente o uso das novas tecnologias e a sua aplica\u00e7\u00e3o no campo da interpreta\u00e7\u00e3o e da cria\u00e7\u00e3o performativa, tendo como base sonora os instrumentos que t\u00eam feito parte da carreira da int\u00e9rprete, como a flauta transversal, os aerofones latino-americanos e a percuss\u00e3o afro-latino-americana. &nbsp; O programa [&hellip;]<\/p>\n","protected":false},"author":7,"featured_media":19621,"comment_status":"closed","ping_status":"closed","sticky":false,"template":"","format":"standard","meta":{"footnotes":""},"categories":[218],"tags":[],"class_list":["post-19623","post","type-post","status-publish","format-standard","has-post-thumbnail","hentry","category-noticias-generales-pt"],"lang":"pt","translations":{"pt":19623,"es":19620},"pll_sync_post":[],"post_mailing_queue_ids":[],"_links":{"self":[{"href":"http:\/\/staging.ibermusicas.org\/index.php\/wp-json\/wp\/v2\/posts\/19623","targetHints":{"allow":["GET"]}}],"collection":[{"href":"http:\/\/staging.ibermusicas.org\/index.php\/wp-json\/wp\/v2\/posts"}],"about":[{"href":"http:\/\/staging.ibermusicas.org\/index.php\/wp-json\/wp\/v2\/types\/post"}],"author":[{"embeddable":true,"href":"http:\/\/staging.ibermusicas.org\/index.php\/wp-json\/wp\/v2\/users\/7"}],"replies":[{"embeddable":true,"href":"http:\/\/staging.ibermusicas.org\/index.php\/wp-json\/wp\/v2\/comments?post=19623"}],"version-history":[{"count":1,"href":"http:\/\/staging.ibermusicas.org\/index.php\/wp-json\/wp\/v2\/posts\/19623\/revisions"}],"predecessor-version":[{"id":19624,"href":"http:\/\/staging.ibermusicas.org\/index.php\/wp-json\/wp\/v2\/posts\/19623\/revisions\/19624"}],"wp:featuredmedia":[{"embeddable":true,"href":"http:\/\/staging.ibermusicas.org\/index.php\/wp-json\/wp\/v2\/media\/19621"}],"wp:attachment":[{"href":"http:\/\/staging.ibermusicas.org\/index.php\/wp-json\/wp\/v2\/media?parent=19623"}],"wp:term":[{"taxonomy":"category","embeddable":true,"href":"http:\/\/staging.ibermusicas.org\/index.php\/wp-json\/wp\/v2\/categories?post=19623"},{"taxonomy":"post_tag","embeddable":true,"href":"http:\/\/staging.ibermusicas.org\/index.php\/wp-json\/wp\/v2\/tags?post=19623"}],"curies":[{"name":"wp","href":"https:\/\/api.w.org\/{rel}","templated":true}]}}