{"id":19625,"date":"2024-08-01T20:04:54","date_gmt":"2024-08-01T20:04:54","guid":{"rendered":"http:\/\/staging.ibermusicas.org\/?p=19625"},"modified":"2024-08-01T20:04:54","modified_gmt":"2024-08-01T20:04:54","slug":"dandara-manoela-de-brasil-llevara-adelante-una-gira-por-argentina-y-chile","status":"publish","type":"post","link":"http:\/\/staging.ibermusicas.org\/index.php\/dandara-manoela-de-brasil-llevara-adelante-una-gira-por-argentina-y-chile\/","title":{"rendered":"Dandara Manoela de Brasil llevar\u00e1 adelante una gira por Argentina y Chile"},"content":{"rendered":"<p>Dandara Manoela lleva al escenario la m\u00fasica popular brasile\u00f1a, sus influencias desde los ritmos afrobrasile\u00f1os y afro futuristas. El repertorio es autoral, habla de su historia como mujer negra y lesbiana, de sus ancestros, de su constante lucha art\u00edstica y tambi\u00e9n del amor que pertenece a las mujeres negras. Con voz dulce y una fuerte presencia, Dandara convida al p\u00fablico a bailar en algunos momentos y en otros, los conmueve con la profundidad de lo que canta.<\/p>\n<p>&nbsp;<\/p>\n<p>Con el apoyo de Iberm\u00fasicas y Funarte, Dandara Manoela presenta su gira Ori Livre en Argentina y Chile, un show cargado de influencias contempor\u00e1neas que habla de ancestralidad, habla de un Brasil negro y femenino. Or\u00ed es \u201ccabeza\u201d en lengua Yorub\u00e1, es un camino de mente abierta conectado a ra\u00edces afrobrasile\u00f1as en el cu\u00e1l Dandara Manoela nos invita a conocer con su m\u00fasica. Acompa\u00f1ada, en una presentaci\u00f3n intimista, por el creativo guitarrista y productor musical Gui Natel, el p\u00fablico viaja por la MPB con canciones autorales en una est\u00e9tica contempor\u00e1nea.<\/p>\n<p>&nbsp;<\/p>\n<p>&nbsp;<\/p>\n<ul>\n<li>8 de agosto &#8211; Show Ori Livre &#8211; Caf\u00e9 Vinilo &#8211; Buenos Aires, Argentina<\/li>\n<li>9 de agosto &#8211; Charla IGR &#8211; Buenos Aires, Argentina<\/li>\n<li>10 de agosto &#8211; Show Ori Livre &#8211; Club Legrand \u2013 C\u00f3rdoba, Argentina<\/li>\n<li>11 de agosto &#8211; Taller Samba Reggae &#8211; C\u00f3rdoba, Argentina<\/li>\n<li>12 de agosto &#8211; Part. La Bomba de Tiempo &#8211; Buenos Aires, Argentina<\/li>\n<li>13 de agosto &#8211; Show Ori Livre en Rosario, Santa Fe, Argentina<\/li>\n<li>15 de agosto Show Ori Livre &#8211; Parque Cultural de Valpara\u00edso Sala PCdV, Chile<\/li>\n<li>16 de agosto &#8211; Taller Samba Reggae &#8211; Valpara\u00edso, Chile<\/li>\n<li>17 de agosto &#8211; Show Ori Livre &#8211; Matucana 100 \u2013 Santiago, Chile<\/li>\n<\/ul>\n","protected":false},"excerpt":{"rendered":"<p>Dandara Manoela lleva al escenario la m\u00fasica popular brasile\u00f1a, sus influencias desde los ritmos afrobrasile\u00f1os y afro futuristas. El repertorio es autoral, habla de su historia como mujer negra y lesbiana, de sus ancestros, de su constante lucha art\u00edstica y tambi\u00e9n del amor que pertenece a las mujeres negras. Con voz dulce y una fuerte [&hellip;]<\/p>\n","protected":false},"author":7,"featured_media":19626,"comment_status":"closed","ping_status":"closed","sticky":false,"template":"","format":"standard","meta":{"footnotes":""},"categories":[53],"tags":[],"class_list":["post-19625","post","type-post","status-publish","format-standard","has-post-thumbnail","hentry","category-noticias-generales"],"lang":"es","translations":{"es":19625,"pt":19628},"pll_sync_post":[],"post_mailing_queue_ids":[],"_links":{"self":[{"href":"http:\/\/staging.ibermusicas.org\/index.php\/wp-json\/wp\/v2\/posts\/19625","targetHints":{"allow":["GET"]}}],"collection":[{"href":"http:\/\/staging.ibermusicas.org\/index.php\/wp-json\/wp\/v2\/posts"}],"about":[{"href":"http:\/\/staging.ibermusicas.org\/index.php\/wp-json\/wp\/v2\/types\/post"}],"author":[{"embeddable":true,"href":"http:\/\/staging.ibermusicas.org\/index.php\/wp-json\/wp\/v2\/users\/7"}],"replies":[{"embeddable":true,"href":"http:\/\/staging.ibermusicas.org\/index.php\/wp-json\/wp\/v2\/comments?post=19625"}],"version-history":[{"count":1,"href":"http:\/\/staging.ibermusicas.org\/index.php\/wp-json\/wp\/v2\/posts\/19625\/revisions"}],"predecessor-version":[{"id":19627,"href":"http:\/\/staging.ibermusicas.org\/index.php\/wp-json\/wp\/v2\/posts\/19625\/revisions\/19627"}],"wp:featuredmedia":[{"embeddable":true,"href":"http:\/\/staging.ibermusicas.org\/index.php\/wp-json\/wp\/v2\/media\/19626"}],"wp:attachment":[{"href":"http:\/\/staging.ibermusicas.org\/index.php\/wp-json\/wp\/v2\/media?parent=19625"}],"wp:term":[{"taxonomy":"category","embeddable":true,"href":"http:\/\/staging.ibermusicas.org\/index.php\/wp-json\/wp\/v2\/categories?post=19625"},{"taxonomy":"post_tag","embeddable":true,"href":"http:\/\/staging.ibermusicas.org\/index.php\/wp-json\/wp\/v2\/tags?post=19625"}],"curies":[{"name":"wp","href":"https:\/\/api.w.org\/{rel}","templated":true}]}}