{"id":19628,"date":"2024-08-01T20:06:54","date_gmt":"2024-08-01T20:06:54","guid":{"rendered":"http:\/\/staging.ibermusicas.org\/?p=19628"},"modified":"2024-08-30T17:43:41","modified_gmt":"2024-08-30T17:43:41","slug":"dandara-manoela-do-brasil-faz-turne-na-argentina-e-no-chile","status":"publish","type":"post","link":"http:\/\/staging.ibermusicas.org\/index.php\/dandara-manoela-do-brasil-faz-turne-na-argentina-e-no-chile\/","title":{"rendered":"Dandara Manoela do Brasil faz turn\u00ea na Argentina e no Chile"},"content":{"rendered":"<p>Dandara Manoela leva para o palco a m\u00fasica popular brasileira, suas influ\u00eancias dos ritmos afro-brasileiros e afrofuturistas. O repert\u00f3rio \u00e9 autoral, ela fala de sua hist\u00f3ria como mulher negra e l\u00e9sbica, de suas ancestrais, de sua constante luta art\u00edstica e tamb\u00e9m do amor que pertence \u00e0s mulheres negras. De voz doce e presen\u00e7a marcante, Dandara convida o p\u00fablico a dan\u00e7ar em alguns momentos e, em outros, emociona com a profundidade do que canta.<\/p>\n<p>&nbsp;<\/p>\n<p>Com o apoio do Iberm\u00fasicas e da Funarte, Dandara Manoela apresenta sua turn\u00ea Ori Livre na Argentina e no Chile, um show cheio de influ\u00eancias contempor\u00e2neas que fala de ancestralidade, de um Brasil negro e feminino. Or\u00ed \u00e9 \u201ccabe\u00e7a\u201d na l\u00edngua Yorub\u00e1, \u00e9 um caminho aberto e conectado \u00e0s ra\u00edzes afro-brasileiras que Dandara Manoela nos convida a conhecer com sua m\u00fasica. Acompanhada, numa apresenta\u00e7\u00e3o intimista, pelo criativo violonista e produtor musical Gui Natel, o p\u00fablico viaja pela MPB com can\u00e7\u00f5es autorais numa est\u00e9tica contempor\u00e2nea.<\/p>\n<p>&nbsp;<\/p>\n<p>&nbsp;<\/p>\n<ul>\n<li>8 de Agosto &#8211; Ori Livre Show &#8211; Caf\u00e9 Vinilo &#8211; Buenos Aires, Argentina<\/li>\n<li>9 de Agosto &#8211; Charla IGR &#8211; Buenos Aires, Argentina<\/li>\n<li>10 de Agosto &#8211; Ori Livre Show &#8211; Club Legrand &#8211; C\u00f3rdoba, Argentina<\/li>\n<li>11 de Agosto &#8211; Taller Samba Reggae &#8211; C\u00f3rdoba, Argentina<\/li>\n<li>12 de Agosto &#8211; Part. La Bomba de Tiempo &#8211; Buenos Aires, Argentina<\/li>\n<li>13 de Agosto &#8211; Ori Livre Show &#8211; Rosario, Santa Fe, Argentina<\/li>\n<li>15 de Agosto &#8211; Espect\u00e1culo Ori Livre &#8211; Parque Cultural de Valpara\u00edso Sala PCdV, Chile<\/li>\n<li>16 de agosto &#8211; Taller Samba Reggae &#8211; Valpara\u00edso, Chile<\/li>\n<li>17 de agosto &#8211; Ori Livre Show &#8211; Matucana 100 &#8211; Santiago, Chile<\/li>\n<\/ul>\n","protected":false},"excerpt":{"rendered":"<p>Dandara Manoela leva para o palco a m\u00fasica popular brasileira, suas influ\u00eancias dos ritmos afro-brasileiros e afrofuturistas. O repert\u00f3rio \u00e9 autoral, ela fala de sua hist\u00f3ria como mulher negra e l\u00e9sbica, de suas ancestrais, de sua constante luta art\u00edstica e tamb\u00e9m do amor que pertence \u00e0s mulheres negras. De voz doce e presen\u00e7a marcante, Dandara [&hellip;]<\/p>\n","protected":false},"author":7,"featured_media":19626,"comment_status":"closed","ping_status":"closed","sticky":false,"template":"","format":"standard","meta":{"footnotes":""},"categories":[218],"tags":[],"class_list":["post-19628","post","type-post","status-publish","format-standard","has-post-thumbnail","hentry","category-noticias-generales-pt"],"lang":"pt","translations":{"pt":19628,"es":19625},"pll_sync_post":[],"post_mailing_queue_ids":[],"_links":{"self":[{"href":"http:\/\/staging.ibermusicas.org\/index.php\/wp-json\/wp\/v2\/posts\/19628","targetHints":{"allow":["GET"]}}],"collection":[{"href":"http:\/\/staging.ibermusicas.org\/index.php\/wp-json\/wp\/v2\/posts"}],"about":[{"href":"http:\/\/staging.ibermusicas.org\/index.php\/wp-json\/wp\/v2\/types\/post"}],"author":[{"embeddable":true,"href":"http:\/\/staging.ibermusicas.org\/index.php\/wp-json\/wp\/v2\/users\/7"}],"replies":[{"embeddable":true,"href":"http:\/\/staging.ibermusicas.org\/index.php\/wp-json\/wp\/v2\/comments?post=19628"}],"version-history":[{"count":1,"href":"http:\/\/staging.ibermusicas.org\/index.php\/wp-json\/wp\/v2\/posts\/19628\/revisions"}],"predecessor-version":[{"id":19629,"href":"http:\/\/staging.ibermusicas.org\/index.php\/wp-json\/wp\/v2\/posts\/19628\/revisions\/19629"}],"wp:featuredmedia":[{"embeddable":true,"href":"http:\/\/staging.ibermusicas.org\/index.php\/wp-json\/wp\/v2\/media\/19626"}],"wp:attachment":[{"href":"http:\/\/staging.ibermusicas.org\/index.php\/wp-json\/wp\/v2\/media?parent=19628"}],"wp:term":[{"taxonomy":"category","embeddable":true,"href":"http:\/\/staging.ibermusicas.org\/index.php\/wp-json\/wp\/v2\/categories?post=19628"},{"taxonomy":"post_tag","embeddable":true,"href":"http:\/\/staging.ibermusicas.org\/index.php\/wp-json\/wp\/v2\/tags?post=19628"}],"curies":[{"name":"wp","href":"https:\/\/api.w.org\/{rel}","templated":true}]}}