{"id":19630,"date":"2024-08-01T20:08:20","date_gmt":"2024-08-01T20:08:20","guid":{"rendered":"http:\/\/staging.ibermusicas.org\/?p=19630"},"modified":"2024-08-30T17:40:01","modified_gmt":"2024-08-30T17:40:01","slug":"con-invitados-de-costa-rica-y-de-mexico-se-realizara-el-iii-simposio-de-investigacion-musical-de-bogota","status":"publish","type":"post","link":"http:\/\/staging.ibermusicas.org\/index.php\/con-invitados-de-costa-rica-y-de-mexico-se-realizara-el-iii-simposio-de-investigacion-musical-de-bogota\/","title":{"rendered":"Con invitados de Costa Rica y de M\u00e9xico se realizar\u00e1 el III Simposio de Investigaci\u00f3n Musical de Bogot\u00e1"},"content":{"rendered":"<p>El Simposio de Investigacio\u0301n Musical de Bogota\u0301 (SIMBO) se ha consolidado como un espacio importante para el fomento y la difusio\u0301n de la investigacio\u0301n arti\u0301stica en Colombia. Es un evento independiente con una trayectoria de 2 ediciones exitosas en 2022 y 2023. El SIMBO ha reunido a mu\u0301sicos y profesionales de diversas disciplinas y de diversas regiones (Colombia, Costa Rica, Chile, Argentina, Espan\u0303a, Brasil, entre otros) para construir y compartir conocimientos musicales provenientes de modelos de investigacio\u0301n tradicional, asi\u0301 como de pra\u0301cticas experimentales y reflexivas.<\/p>\n<p>&nbsp;<\/p>\n<p>El Simposio busca promover la investigacio\u0301n+creacio\u0301n como una tipologi\u0301a va\u0301lida de investigacio\u0301n. Adema\u0301s, otro de los objetivos clave del evento es resaltar la importancia y la necesidad del dia\u0301logo interdisciplinario entre las artes y otras ramas del conocimiento.<\/p>\n<p>&nbsp;<\/p>\n<p>Los resultados del evento son publicados anualmente en formato de Memorias en un libro digital, que se edita en conjunto con la editorial Punto Musical Editores. Esto garantiza una mejor difusio\u0301n a futuro de las investigaciones y genera produccio\u0301n de material intelectual actualizado.<\/p>\n<p>&nbsp;<\/p>\n<p>El III Simposio de Investigacio\u0301n Musical de Bogota\u0301 2024 se desarrollara\u0301 sobre los siguientes pilares:<\/p>\n<p>&nbsp;<\/p>\n<ul>\n<li>Enfoque de ge\u0301nero<\/li>\n<li>Fomento de la investigacio\u0301n arti\u0301stica y validacio\u0301n de modelos de Investigacio\u0301n+Creacio\u0301n<\/li>\n<li>Participaci\u00f3n de distintos niveles educativos<\/li>\n<li>Entrada libre<\/li>\n<\/ul>\n<p>&nbsp;<\/p>\n<p>Ser\u00e1n invitados en esta edici\u00f3n:<\/p>\n<p>&nbsp;<\/p>\n<ul>\n<li>Susan Campos-Fonseca (Costa Rica). Doctora en Mu\u0301sica, Ma\u0301ster en pensamiento espan\u0303ol e iberoamericano por la Universidad Auto\u0301noma de Madrid &#8211; UAM, y Licenciada en direccio\u0301n musical por la Universidad de Costa Rica (UCR), Campos-Fonseca se destaca como profesora e investigadora especialista en musicologi\u0301a, estudios so\u0301nicos, filosofi\u0301a de la cultura y la tecnologi\u0301a.<\/li>\n<\/ul>\n<p>&nbsp;<\/p>\n<ul>\n<li>Rube\u0301n Lo\u0301pez-Cano (M\u00e9xico). Investigador sobre la mu\u0301sica y nuestra relacio\u0301n con lo musical, Rube\u0301n Lo\u0301pez Cano se ha especializado en reto\u0301rica y semio\u0301tica musicales, filosofi\u0301a de la cognicio\u0301n corporizada de la mu\u0301sica, mu\u0301sica popular urbana, reciclaje musical desde la edad media hasta la era mashup, memes y cultura musical digital, musicologi\u0301a audiovisual, dia\u0301spora, cuerpo y subjetividad musicales, investigacio\u0301n arti\u0301stica y epistemologi\u0301a de la investigacio\u0301n musical.<\/li>\n<\/ul>\n<p>&nbsp;<\/p>\n<p>&nbsp;<\/p>\n<p>Mi\u00e9rcoles 14 de agosto de 14h a 16: franja online para ponentes que participan desde otros pa\u00edses: <a href=\"https:\/\/www.youtube.com\/@simbogt\">https:\/\/www.youtube.com\/@simbogt<\/a><\/p>\n<p>&nbsp;<\/p>\n<p>Jueves 15 de agosto<\/p>\n<p>9h a 11h: franja de ponencias<\/p>\n<p>11h a 13: conferencia Rub\u00e9n L\u00f3pez-Cano<\/p>\n<p>18h: sesi\u00f3n de lanzamiento de libro con Susan Campos Fonseca<\/p>\n<p>Auditorio Jaime Hoyos, Universidad Javeriana, Bogot\u00e1, Colombia<\/p>\n<p>&nbsp;<\/p>\n<p>Viernes 16 de agosto<\/p>\n<p>9h a 11h: conferencia Susan Campos Fonseca<\/p>\n<p>11h a 13h: franja de ponencias<\/p>\n<p>Auditorio Pablo VI, Universidad Javeriana, Bogot\u00e1, Colombia<\/p>\n","protected":false},"excerpt":{"rendered":"<p>El Simposio de Investigacio\u0301n Musical de Bogota\u0301 (SIMBO) se ha consolidado como un espacio importante para el fomento y la difusio\u0301n de la investigacio\u0301n arti\u0301stica en Colombia. Es un evento independiente con una trayectoria de 2 ediciones exitosas en 2022 y 2023. El SIMBO ha reunido a mu\u0301sicos y profesionales de diversas disciplinas y de [&hellip;]<\/p>\n","protected":false},"author":7,"featured_media":19631,"comment_status":"closed","ping_status":"closed","sticky":false,"template":"","format":"standard","meta":{"footnotes":""},"categories":[53],"tags":[],"class_list":["post-19630","post","type-post","status-publish","format-standard","has-post-thumbnail","hentry","category-noticias-generales"],"lang":"es","translations":{"es":19630,"pt":19633},"pll_sync_post":[],"post_mailing_queue_ids":[],"_links":{"self":[{"href":"http:\/\/staging.ibermusicas.org\/index.php\/wp-json\/wp\/v2\/posts\/19630","targetHints":{"allow":["GET"]}}],"collection":[{"href":"http:\/\/staging.ibermusicas.org\/index.php\/wp-json\/wp\/v2\/posts"}],"about":[{"href":"http:\/\/staging.ibermusicas.org\/index.php\/wp-json\/wp\/v2\/types\/post"}],"author":[{"embeddable":true,"href":"http:\/\/staging.ibermusicas.org\/index.php\/wp-json\/wp\/v2\/users\/7"}],"replies":[{"embeddable":true,"href":"http:\/\/staging.ibermusicas.org\/index.php\/wp-json\/wp\/v2\/comments?post=19630"}],"version-history":[{"count":1,"href":"http:\/\/staging.ibermusicas.org\/index.php\/wp-json\/wp\/v2\/posts\/19630\/revisions"}],"predecessor-version":[{"id":19632,"href":"http:\/\/staging.ibermusicas.org\/index.php\/wp-json\/wp\/v2\/posts\/19630\/revisions\/19632"}],"wp:featuredmedia":[{"embeddable":true,"href":"http:\/\/staging.ibermusicas.org\/index.php\/wp-json\/wp\/v2\/media\/19631"}],"wp:attachment":[{"href":"http:\/\/staging.ibermusicas.org\/index.php\/wp-json\/wp\/v2\/media?parent=19630"}],"wp:term":[{"taxonomy":"category","embeddable":true,"href":"http:\/\/staging.ibermusicas.org\/index.php\/wp-json\/wp\/v2\/categories?post=19630"},{"taxonomy":"post_tag","embeddable":true,"href":"http:\/\/staging.ibermusicas.org\/index.php\/wp-json\/wp\/v2\/tags?post=19630"}],"curies":[{"name":"wp","href":"https:\/\/api.w.org\/{rel}","templated":true}]}}