{"id":19633,"date":"2024-08-01T20:09:27","date_gmt":"2024-08-01T20:09:27","guid":{"rendered":"http:\/\/staging.ibermusicas.org\/?p=19633"},"modified":"2024-08-30T17:43:47","modified_gmt":"2024-08-30T17:43:47","slug":"com-convidados-da-costa-rica-e-do-mexico-realizar-se-a-o-iii-simposio-de-investigacao-musical-de-bogota","status":"publish","type":"post","link":"http:\/\/staging.ibermusicas.org\/index.php\/com-convidados-da-costa-rica-e-do-mexico-realizar-se-a-o-iii-simposio-de-investigacao-musical-de-bogota\/","title":{"rendered":"Com convidados da Costa Rica e do M\u00e9xico, realizar-se-\u00e1 o III Simp\u00f3sio de Investiga\u00e7\u00e3o Musical de Bogot\u00e1"},"content":{"rendered":"<p>O Simp\u00f3sio de Investiga\u00e7\u00e3o Musical de Bogot\u00e1 (SIMBO) estabeleceu-se como um importante espa\u00e7o para a promo\u00e7\u00e3o e divulga\u00e7\u00e3o da investiga\u00e7\u00e3o art\u00edstica na Col\u00f4mbia. Trata-se de um evento independente com uma trajet\u00f3ria de 2 edi\u00e7\u00f5es de sucesso em 2022 e 2023. O SIMBO tem reunido m\u00fasicos e profissionais de diferentes disciplinas e regi\u00f5es (Col\u00f4mbia, Costa Rica, Chile, Argentina, Espanha, Brasil, entre outros) para construir e compartilhar conhecimentos musicais a partir de modelos tradicionais de pesquisa, bem como de pr\u00e1ticas experimentais e reflexivas.<\/p>\n<p>&nbsp;<\/p>\n<p>O Simp\u00f3sio procura promover a investiga\u00e7\u00e3o+cria\u00e7\u00e3o como uma tipologia v\u00e1lida de investiga\u00e7\u00e3o. Al\u00e9m disso, outro objetivo fundamental do evento \u00e9 real\u00e7ar a import\u00e2ncia e a necessidade do di\u00e1logo interdisciplinar entre as artes e outros ramos do conhecimento.<\/p>\n<p>&nbsp;<\/p>\n<p>Os resultados do evento s\u00e3o publicados anualmente em formato de Mem\u00f3rias num livro digital, que \u00e9 editado em conjunto com a editora Punto Musical Editores. Isto garante uma melhor divulga\u00e7\u00e3o da investiga\u00e7\u00e3o no futuro e gera a produ\u00e7\u00e3o de material intelectual atualizado.<\/p>\n<p>&nbsp;<\/p>\n<p>O III Simp\u00f3sio de Investiga\u00e7\u00e3o Musical Bogot\u00e1 2024 ser\u00e1 desenvolvido sobre os seguintes pilares:<\/p>\n<p>&nbsp;<\/p>\n<ul>\n<li>Foco no g\u00e9nero<\/li>\n<li>Promo\u00e7\u00e3o da investiga\u00e7\u00e3o art\u00edstica e valida\u00e7\u00e3o de modelos de Investiga\u00e7\u00e3o+Cria\u00e7\u00e3o.<\/li>\n<li>Participa\u00e7\u00e3o de diferentes n\u00edveis de ensino<\/li>\n<li>Entrada livre<\/li>\n<\/ul>\n<p>&nbsp;<\/p>\n<p>Convidados desta edi\u00e7\u00e3o:<\/p>\n<p>&nbsp;<\/p>\n<ul>\n<li>Susan Campos-Fonseca (Costa Rica). Doutora em M\u00fasica, Mestre em Pensamento Espanhol e Ibero-Americano pela Universidade Aut\u00f3noma de Madrid &#8211; UAM, e Licenciada em Dire\u00e7\u00e3o Musical pela Universidade da Costa Rica (UCR), Campos-Fonseca destaca-se como professora e investigadora especializada em musicologia, estudos s\u00f3nicos, filosofia da cultura e tecnologia.<\/li>\n<\/ul>\n<p>&nbsp;<\/p>\n<ul>\n<li>Rub\u00e9n L\u00f3pez-Cano (M\u00e9xico). Investigador sobre m\u00fasica e a nossa rela\u00e7\u00e3o com a m\u00fasica, Rub\u00e9n L\u00f3pez Cano especializou-se em ret\u00f3rica e semi\u00f3tica musical, filosofia da cogni\u00e7\u00e3o incorporada da m\u00fasica, m\u00fasica popular urbana, reciclagem musical da Idade M\u00e9dia \u00e0 era do mashup, memes e cultura musical digital, musicologia audiovisual, di\u00e1spora, corpo musical e subjetividade, investiga\u00e7\u00e3o art\u00edstica e epistemologia da investiga\u00e7\u00e3o musical.<\/li>\n<\/ul>\n<p>&nbsp;<\/p>\n<p>&nbsp;<\/p>\n<p>Quarta-feira, 14 de agosto, das 14h00 \u00e0s 16h00: espa\u00e7o em linha para oradores de outros pa\u00edses. <a href=\"https:\/\/www.youtube.com\/@simbogt\">https:\/\/www.youtube.com\/@simbogt<\/a><\/p>\n<p>&nbsp;<\/p>\n<p>Quinta-feira, 15 de agosto<\/p>\n<p>9h \u00e0s 11h: Sess\u00e3o de oradores<\/p>\n<p>11h \u00e0s 13h: Confer\u00eancia de Rub\u00e9n L\u00f3pez-Cano<\/p>\n<p>18h: sess\u00e3o de lan\u00e7amento do livro com Susan Campos Fonseca<\/p>\n<p>Audit\u00f3rio Jaime Hoyos, Universidade Javeriana, Bogot\u00e1, Col\u00f4mbia<\/p>\n<p>&nbsp;<\/p>\n<p>Sexta-feira, 16 de agosto<\/p>\n<p>9h \u00e0s 11h: Confer\u00eancia de Susan Campos Fonseca<\/p>\n<p>Das 11h \u00e0s 13h: sess\u00e3o de pain\u00e9is<\/p>\n<p>Audit\u00f3rio Pablo VI, Universidade Javeriana, Bogot\u00e1, Col\u00f4mbia<\/p>\n","protected":false},"excerpt":{"rendered":"<p>O Simp\u00f3sio de Investiga\u00e7\u00e3o Musical de Bogot\u00e1 (SIMBO) estabeleceu-se como um importante espa\u00e7o para a promo\u00e7\u00e3o e divulga\u00e7\u00e3o da investiga\u00e7\u00e3o art\u00edstica na Col\u00f4mbia. Trata-se de um evento independente com uma trajet\u00f3ria de 2 edi\u00e7\u00f5es de sucesso em 2022 e 2023. O SIMBO tem reunido m\u00fasicos e profissionais de diferentes disciplinas e regi\u00f5es (Col\u00f4mbia, Costa Rica, [&hellip;]<\/p>\n","protected":false},"author":7,"featured_media":19631,"comment_status":"closed","ping_status":"closed","sticky":false,"template":"","format":"standard","meta":{"footnotes":""},"categories":[218],"tags":[],"class_list":["post-19633","post","type-post","status-publish","format-standard","has-post-thumbnail","hentry","category-noticias-generales-pt"],"lang":"pt","translations":{"pt":19633,"es":19630},"pll_sync_post":[],"post_mailing_queue_ids":[],"_links":{"self":[{"href":"http:\/\/staging.ibermusicas.org\/index.php\/wp-json\/wp\/v2\/posts\/19633","targetHints":{"allow":["GET"]}}],"collection":[{"href":"http:\/\/staging.ibermusicas.org\/index.php\/wp-json\/wp\/v2\/posts"}],"about":[{"href":"http:\/\/staging.ibermusicas.org\/index.php\/wp-json\/wp\/v2\/types\/post"}],"author":[{"embeddable":true,"href":"http:\/\/staging.ibermusicas.org\/index.php\/wp-json\/wp\/v2\/users\/7"}],"replies":[{"embeddable":true,"href":"http:\/\/staging.ibermusicas.org\/index.php\/wp-json\/wp\/v2\/comments?post=19633"}],"version-history":[{"count":1,"href":"http:\/\/staging.ibermusicas.org\/index.php\/wp-json\/wp\/v2\/posts\/19633\/revisions"}],"predecessor-version":[{"id":19634,"href":"http:\/\/staging.ibermusicas.org\/index.php\/wp-json\/wp\/v2\/posts\/19633\/revisions\/19634"}],"wp:featuredmedia":[{"embeddable":true,"href":"http:\/\/staging.ibermusicas.org\/index.php\/wp-json\/wp\/v2\/media\/19631"}],"wp:attachment":[{"href":"http:\/\/staging.ibermusicas.org\/index.php\/wp-json\/wp\/v2\/media?parent=19633"}],"wp:term":[{"taxonomy":"category","embeddable":true,"href":"http:\/\/staging.ibermusicas.org\/index.php\/wp-json\/wp\/v2\/categories?post=19633"},{"taxonomy":"post_tag","embeddable":true,"href":"http:\/\/staging.ibermusicas.org\/index.php\/wp-json\/wp\/v2\/tags?post=19633"}],"curies":[{"name":"wp","href":"https:\/\/api.w.org\/{rel}","templated":true}]}}