{"id":19661,"date":"2024-08-13T12:53:11","date_gmt":"2024-08-13T12:53:11","guid":{"rendered":"http:\/\/staging.ibermusicas.org\/?p=19661"},"modified":"2024-08-30T17:40:07","modified_gmt":"2024-08-30T17:40:07","slug":"el-gemaa-ba-grupo-de-estudios-en-musicas-y-artes-afrobrasilenas-de-buenos-aires-lanza-exu-de-buenos-aires-en-spotify-y-todas-las-plataformas","status":"publish","type":"post","link":"http:\/\/staging.ibermusicas.org\/index.php\/el-gemaa-ba-grupo-de-estudios-en-musicas-y-artes-afrobrasilenas-de-buenos-aires-lanza-exu-de-buenos-aires-en-spotify-y-todas-las-plataformas\/","title":{"rendered":"El GEMAA BA (Grupo de Estudios en M\u00fasicas y Artes Afrobrasile\u00f1as de Buenos Aires) lanza \u00abEx\u00fa de Buenos Aires\u00bb en Spotify y todas las plataformas"},"content":{"rendered":"<p>\u00abEx\u00fa de Buenos Aires\u00bb es un proyecto de investigaci\u00f3n art\u00edstica que combina la reflexi\u00f3n conceptual, la m\u00fasica, los textos, el audiovisual y la danza para problematizar el di\u00e1logo, no desprovisto de tensiones, entre m\u00fasicas afro de Brasil (ritmos de candombl\u00e9, samba y capoeira) y el tango argentino.<\/p>\n<p>&nbsp;<\/p>\n<p>Con este proyecto el GEMAA BA performa los modos en que estos intercambios culturales y epist\u00e9micos afectan las pr\u00e1cticas art\u00edsticas en el R\u00edo de la Plata, como parte de las circulaciones del Atl\u00e1ntico Negro.<\/p>\n<p>&nbsp;<\/p>\n<p>Ex\u00fa <em>\u201ces lo que presenta y fundamenta la ontolog\u00eda del tiempo en la cosmogon\u00eda yoruba, pues es, en s\u00ed misma, la ontolog\u00eda misma, el tiempo que simult\u00e1neamente se curva hacia adelante y hacia atr\u00e1s\u201d <\/em>(Sueli Carneiro, \u201cPerformances do tempo espiralar\u201d, 2022).<\/p>\n<p>&nbsp;<\/p>\n<p>Como parte del proyecto GEMAA BA presenta su obra musical \u00abEx\u00fa de Buenos Aires\u00bb en la cual participan Leandro Mellid: composici\u00f3n, arreglos y producci\u00f3n, atabaques, campana y bajo de seis cuerdas; Nicol\u00e1s Muntaabski: arreglos, cavaquinho, berimbau, surdo, pandeiro y semillas; Jos\u00e9 Mart\u00ednez Luquez: guitarra; Javier Sosa: contrabajo; Manuela P\u00e9rez Crispiani: bandone\u00f3n; Jero Canovil: saxo tenor; Berenice Corti: atabaque y producci\u00f3n ejecutiva; P\u00eda Paganelli: letra y voz; Paula Picarel y Laura Gamaleri coros y comunicaci\u00f3n.<\/p>\n<p><strong>\u00a0<\/strong><\/p>\n<p>Esta iniciativa cuenta con el apoyo del Fomento a la M\u00fasica 2022 del Instituto Nacional de la M\u00fasica de Argentina y ha sido ganadora del Premio Brasil Iberm\u00fasicas 2023.<\/p>\n<p><strong>\u00a0<\/strong><\/p>\n<p>Link a Ex\u00fa de Buenos Aires:<\/p>\n<p><a href=\"https:\/\/open.spotify.com\/intl-es\/album\/5jN44Pxkh6dcStTT9jbUs0?si=TvhBJykVTFiZU2zau6irxA\">https:\/\/open.spotify.com\/intl-es\/album\/5jN44Pxkh6dcStTT9jbUs0?si=TvhBJykVTFiZU2zau6irxA<\/a><\/p>\n","protected":false},"excerpt":{"rendered":"<p>\u00abEx\u00fa de Buenos Aires\u00bb es un proyecto de investigaci\u00f3n art\u00edstica que combina la reflexi\u00f3n conceptual, la m\u00fasica, los textos, el audiovisual y la danza para problematizar el di\u00e1logo, no desprovisto de tensiones, entre m\u00fasicas afro de Brasil (ritmos de candombl\u00e9, samba y capoeira) y el tango argentino. &nbsp; Con este proyecto el GEMAA BA performa [&hellip;]<\/p>\n","protected":false},"author":7,"featured_media":19662,"comment_status":"closed","ping_status":"closed","sticky":false,"template":"","format":"standard","meta":{"footnotes":""},"categories":[53],"tags":[],"class_list":["post-19661","post","type-post","status-publish","format-standard","has-post-thumbnail","hentry","category-noticias-generales"],"lang":"es","translations":{"es":19661,"pt":19664},"pll_sync_post":[],"post_mailing_queue_ids":[],"_links":{"self":[{"href":"http:\/\/staging.ibermusicas.org\/index.php\/wp-json\/wp\/v2\/posts\/19661","targetHints":{"allow":["GET"]}}],"collection":[{"href":"http:\/\/staging.ibermusicas.org\/index.php\/wp-json\/wp\/v2\/posts"}],"about":[{"href":"http:\/\/staging.ibermusicas.org\/index.php\/wp-json\/wp\/v2\/types\/post"}],"author":[{"embeddable":true,"href":"http:\/\/staging.ibermusicas.org\/index.php\/wp-json\/wp\/v2\/users\/7"}],"replies":[{"embeddable":true,"href":"http:\/\/staging.ibermusicas.org\/index.php\/wp-json\/wp\/v2\/comments?post=19661"}],"version-history":[{"count":1,"href":"http:\/\/staging.ibermusicas.org\/index.php\/wp-json\/wp\/v2\/posts\/19661\/revisions"}],"predecessor-version":[{"id":19663,"href":"http:\/\/staging.ibermusicas.org\/index.php\/wp-json\/wp\/v2\/posts\/19661\/revisions\/19663"}],"wp:featuredmedia":[{"embeddable":true,"href":"http:\/\/staging.ibermusicas.org\/index.php\/wp-json\/wp\/v2\/media\/19662"}],"wp:attachment":[{"href":"http:\/\/staging.ibermusicas.org\/index.php\/wp-json\/wp\/v2\/media?parent=19661"}],"wp:term":[{"taxonomy":"category","embeddable":true,"href":"http:\/\/staging.ibermusicas.org\/index.php\/wp-json\/wp\/v2\/categories?post=19661"},{"taxonomy":"post_tag","embeddable":true,"href":"http:\/\/staging.ibermusicas.org\/index.php\/wp-json\/wp\/v2\/tags?post=19661"}],"curies":[{"name":"wp","href":"https:\/\/api.w.org\/{rel}","templated":true}]}}