{"id":19664,"date":"2024-08-13T13:07:46","date_gmt":"2024-08-13T13:07:46","guid":{"rendered":"http:\/\/staging.ibermusicas.org\/?p=19664"},"modified":"2024-08-30T17:43:54","modified_gmt":"2024-08-30T17:43:54","slug":"gemaa-ba-grupo-de-estudios-en-musicas-y-artes-afrobrasilenas-de-buenos-aires-lanca-exu-de-buenos-aires-no-spotify-e-em-todas-as-plataformas","status":"publish","type":"post","link":"http:\/\/staging.ibermusicas.org\/index.php\/gemaa-ba-grupo-de-estudios-en-musicas-y-artes-afrobrasilenas-de-buenos-aires-lanca-exu-de-buenos-aires-no-spotify-e-em-todas-as-plataformas\/","title":{"rendered":"GEMAA BA (Grupo de Estudios en M\u00fasicas y Artes Afrobrasile\u00f1as de Buenos Aires) lan\u00e7a \u00abEx\u00fa de Buenos Aires\u00bb no Spotify e em todas as plataformas"},"content":{"rendered":"<p>\u00abEx\u00fa de Buenos Aires\u00bb \u00e9 um projeto de investiga\u00e7\u00e3o art\u00edstica que combina reflex\u00e3o conceitual, m\u00fasica, textos, audiovisuais e dan\u00e7a para problematizar o di\u00e1logo, n\u00e3o isento de tens\u00f5es, entre a m\u00fasica afro-brasileira (ritmos de candombl\u00e9, samba e capoeira) e o tango argentino.<\/p>\n<p>&nbsp;<\/p>\n<p>Com este projeto, o GEMAA BA realiza as formas como estas trocas culturais e epist\u00e9micas afectam as pr\u00e1ticas art\u00edsticas no Rio da Prata, como parte das circula\u00e7\u00f5es do Atl\u00e2ntico Negro.<\/p>\n<p>&nbsp;<\/p>\n<p>Ex\u00fa <em>\u00ab\u00e9 o que apresenta e fundamenta a ontologia do tempo na cosmogonia iorub\u00e1, pois ele \u00e9, em si mesmo, a pr\u00f3pria ontologia, o tempo que se dobra simultaneamente para frente e para tr\u00e1s\u00bb<\/em> (Sueli Carneiro, \u00abPerformances do tempo espiralar\u00bb, 2022).<\/p>\n<p>&nbsp;<\/p>\n<p>Como parte do projeto GEMAA BA, apresenta seu trabalho musical \u00abEx\u00fa de Buenos Aires\u00bb no qual participam Leandro Mellid: composi\u00e7\u00e3o, arranjos e produ\u00e7\u00e3o, atabaques, agog\u00f3 e baixo de seis cordas; Nicol\u00e1s Muntaabski: arranjos, cavaquinho, berimbau, surdo, pandeiro e sementes; Jos\u00e9 Mart\u00ednez Luquez:viol\u00e3o; Javier Sosa: contrabaixo; Manuela P\u00e9rez Crispiani: bandoneon; Jero Canovil: saxo tenor; Berenice Corti: atabaque e produ\u00e7\u00e3o executiva; P\u00eda Paganelli: letras e vocais; Paula Picarel e Laura Gamaleri: coros e comunica\u00e7\u00e3o.<\/p>\n<p>&nbsp;<\/p>\n<p>Esta iniciativa conta com o apoio do Fomento a la M\u00fasica 2022 do Instituto Nacional de la M\u00fasica da Argentina e foi vencedora do Premio Brasil Iberm\u00fasicas 2023.<\/p>\n<p>&nbsp;<\/p>\n<p>Link para o Ex\u00fa de Buenos Aires:<\/p>\n<p><u>https:\/\/open.spotify.com\/intl-es\/album\/5jN44Pxkh6dcStTT9jbUs0?si=TvhBJykVTFiZU2zau6irxA<\/u><\/p>\n","protected":false},"excerpt":{"rendered":"<p>\u00abEx\u00fa de Buenos Aires\u00bb \u00e9 um projeto de investiga\u00e7\u00e3o art\u00edstica que combina reflex\u00e3o conceitual, m\u00fasica, textos, audiovisuais e dan\u00e7a para problematizar o di\u00e1logo, n\u00e3o isento de tens\u00f5es, entre a m\u00fasica afro-brasileira (ritmos de candombl\u00e9, samba e capoeira) e o tango argentino. &nbsp; Com este projeto, o GEMAA BA realiza as formas como estas trocas culturais [&hellip;]<\/p>\n","protected":false},"author":7,"featured_media":19662,"comment_status":"closed","ping_status":"closed","sticky":false,"template":"","format":"standard","meta":{"footnotes":""},"categories":[218],"tags":[],"class_list":["post-19664","post","type-post","status-publish","format-standard","has-post-thumbnail","hentry","category-noticias-generales-pt"],"lang":"pt","translations":{"pt":19664,"es":19661},"pll_sync_post":[],"post_mailing_queue_ids":[],"_links":{"self":[{"href":"http:\/\/staging.ibermusicas.org\/index.php\/wp-json\/wp\/v2\/posts\/19664","targetHints":{"allow":["GET"]}}],"collection":[{"href":"http:\/\/staging.ibermusicas.org\/index.php\/wp-json\/wp\/v2\/posts"}],"about":[{"href":"http:\/\/staging.ibermusicas.org\/index.php\/wp-json\/wp\/v2\/types\/post"}],"author":[{"embeddable":true,"href":"http:\/\/staging.ibermusicas.org\/index.php\/wp-json\/wp\/v2\/users\/7"}],"replies":[{"embeddable":true,"href":"http:\/\/staging.ibermusicas.org\/index.php\/wp-json\/wp\/v2\/comments?post=19664"}],"version-history":[{"count":1,"href":"http:\/\/staging.ibermusicas.org\/index.php\/wp-json\/wp\/v2\/posts\/19664\/revisions"}],"predecessor-version":[{"id":19665,"href":"http:\/\/staging.ibermusicas.org\/index.php\/wp-json\/wp\/v2\/posts\/19664\/revisions\/19665"}],"wp:featuredmedia":[{"embeddable":true,"href":"http:\/\/staging.ibermusicas.org\/index.php\/wp-json\/wp\/v2\/media\/19662"}],"wp:attachment":[{"href":"http:\/\/staging.ibermusicas.org\/index.php\/wp-json\/wp\/v2\/media?parent=19664"}],"wp:term":[{"taxonomy":"category","embeddable":true,"href":"http:\/\/staging.ibermusicas.org\/index.php\/wp-json\/wp\/v2\/categories?post=19664"},{"taxonomy":"post_tag","embeddable":true,"href":"http:\/\/staging.ibermusicas.org\/index.php\/wp-json\/wp\/v2\/tags?post=19664"}],"curies":[{"name":"wp","href":"https:\/\/api.w.org\/{rel}","templated":true}]}}