{"id":19666,"date":"2024-08-13T13:11:03","date_gmt":"2024-08-13T13:11:03","guid":{"rendered":"http:\/\/staging.ibermusicas.org\/?p=19666"},"modified":"2024-08-30T17:40:18","modified_gmt":"2024-08-30T17:40:18","slug":"la-musicologa-espanola-sakira-ventura-presenta-su-trabajo-mapa-de-creadoras-de-la-historia-de-la-musica-mundos-sonoros-por-descubrir-2","status":"publish","type":"post","link":"http:\/\/staging.ibermusicas.org\/index.php\/la-musicologa-espanola-sakira-ventura-presenta-su-trabajo-mapa-de-creadoras-de-la-historia-de-la-musica-mundos-sonoros-por-descubrir-2\/","title":{"rendered":"La music\u00f3loga espa\u00f1ola Sakira Ventura presenta su trabajo \u00abMapa de Creadoras de la Historia de la M\u00fasica: mundos sonoros por descubrir\u00bb"},"content":{"rendered":"<p>\u00abMapa de Creadoras de la Historia de la M\u00fasica: mundos sonoros por descubrir\u00bb es una gira iberoamericana de car\u00e1cter acad\u00e9mico por Chile y M\u00e9xico.<\/p>\n<p>&nbsp;<\/p>\n<p>Sakira Ventura, desarroll\u00f3 en 2020 un proyecto en el que pone nombre, rostro y voz a todas las mujeres que en tiempos pasados (y tambi\u00e9n en la actualidad) lucharon y luchan por ser igualmente reconocidas en el \u00e1mbito de la composici\u00f3n musical: un mapa interactivo que recoge a creadoras de m\u00fasica acad\u00e9mica de todos los tiempos y distribuidas por todo el globo.<\/p>\n<p>&nbsp;<\/p>\n<p>Esta herramienta est\u00e1 en continua actualizaci\u00f3n y pretende servir como punto de partida para la recuperaci\u00f3n, inclusi\u00f3n y difusi\u00f3n de repertorio creado por mujeres durante tantos siglos olvidado e infravalorado. Este proyecto cuenta con m\u00e1s de 650 compositoras, de las cuales m\u00e1s de 200 corresponden a Iberoam\u00e9rica.<\/p>\n<p>&nbsp;<\/p>\n<p>Con el Mapa de Creadoras de la Historia de la M\u00fasica se pone a disposici\u00f3n una lista de compositoras ordenadas alfab\u00e9ticamente, junto con una experiencia interactiva en la que poner rostro a esas autoras, conocer su vida y su obra, navegar por sus p\u00e1ginas web, escuchar un ejemplo de sus composiciones y tener la opci\u00f3n de compartir sus fichas en las redes sociales. Desde que este proyecto naci\u00f3, se est\u00e1 utilizando en centros educativos a nivel mundial con el fin de proporcionar una ense\u00f1anza paritaria al alumnado.<\/p>\n<p>&nbsp;<\/p>\n<p>El objetivo principal que Sakira Ventura se ha propuesto alcanzar con este proyecto es sensibilizar sobre la relevancia de conocer el relato completo de la Historia de la M\u00fasica. Esto supone conocer el mayor n\u00famero posible de figuras que han intervenido (e intervienen) en el devenir del arte musical y no solo la perspectiva sesgada que la historiograf\u00eda nos ha proporcionado a lo largo de los siglos.<\/p>\n<p>&nbsp;<\/p>\n<p>El arte es un espacio disciplinar donde el sesgo de g\u00e9nero aparece de forma m\u00e1s marcada respecto a otras disciplinas, por eso, el proyecto \u00abMapa de Creadoras de la Historia de la M\u00fasica: mundos sonoros por descubrir\u00bb va a incidir de manera decisiva en un cambio real dentro del \u00e1mbito acad\u00e9mico-musical. Un cambio en el que se crear\u00e1 conciencia cr\u00edtica y animar\u00e1 a reflexionar sobre las omisiones que hacen que veamos la Historia de la M\u00fasica de manera sesgada, excluyente del 50% de la poblaci\u00f3n.<\/p>\n<p>&nbsp;<\/p>\n<p>El proyecto de Sakira Ventura cuenta con el apoyo de Iberm\u00fasicas mediante sus Ayudas a la Circulaci\u00f3n, convocatoria 2023.<\/p>\n<p>&nbsp;<\/p>\n<ul>\n<li>16 de agosto, 12h: Seminario en Sala de Audiovisuales, FaM UNAM de la Universidad Nacional Aut\u00f3noma de M\u00e9xico, CDMX, M\u00e9xico<\/li>\n<\/ul>\n","protected":false},"excerpt":{"rendered":"<p>\u00abMapa de Creadoras de la Historia de la M\u00fasica: mundos sonoros por descubrir\u00bb es una gira iberoamericana de car\u00e1cter acad\u00e9mico por Chile y M\u00e9xico. &nbsp; Sakira Ventura, desarroll\u00f3 en 2020 un proyecto en el que pone nombre, rostro y voz a todas las mujeres que en tiempos pasados (y tambi\u00e9n en la actualidad) lucharon y [&hellip;]<\/p>\n","protected":false},"author":7,"featured_media":19667,"comment_status":"closed","ping_status":"closed","sticky":false,"template":"","format":"standard","meta":{"footnotes":""},"categories":[53],"tags":[],"class_list":["post-19666","post","type-post","status-publish","format-standard","has-post-thumbnail","hentry","category-noticias-generales"],"lang":"es","translations":{"es":19666,"pt":19669},"pll_sync_post":[],"post_mailing_queue_ids":[],"_links":{"self":[{"href":"http:\/\/staging.ibermusicas.org\/index.php\/wp-json\/wp\/v2\/posts\/19666","targetHints":{"allow":["GET"]}}],"collection":[{"href":"http:\/\/staging.ibermusicas.org\/index.php\/wp-json\/wp\/v2\/posts"}],"about":[{"href":"http:\/\/staging.ibermusicas.org\/index.php\/wp-json\/wp\/v2\/types\/post"}],"author":[{"embeddable":true,"href":"http:\/\/staging.ibermusicas.org\/index.php\/wp-json\/wp\/v2\/users\/7"}],"replies":[{"embeddable":true,"href":"http:\/\/staging.ibermusicas.org\/index.php\/wp-json\/wp\/v2\/comments?post=19666"}],"version-history":[{"count":2,"href":"http:\/\/staging.ibermusicas.org\/index.php\/wp-json\/wp\/v2\/posts\/19666\/revisions"}],"predecessor-version":[{"id":19741,"href":"http:\/\/staging.ibermusicas.org\/index.php\/wp-json\/wp\/v2\/posts\/19666\/revisions\/19741"}],"wp:featuredmedia":[{"embeddable":true,"href":"http:\/\/staging.ibermusicas.org\/index.php\/wp-json\/wp\/v2\/media\/19667"}],"wp:attachment":[{"href":"http:\/\/staging.ibermusicas.org\/index.php\/wp-json\/wp\/v2\/media?parent=19666"}],"wp:term":[{"taxonomy":"category","embeddable":true,"href":"http:\/\/staging.ibermusicas.org\/index.php\/wp-json\/wp\/v2\/categories?post=19666"},{"taxonomy":"post_tag","embeddable":true,"href":"http:\/\/staging.ibermusicas.org\/index.php\/wp-json\/wp\/v2\/tags?post=19666"}],"curies":[{"name":"wp","href":"https:\/\/api.w.org\/{rel}","templated":true}]}}