{"id":19669,"date":"2024-08-13T13:12:37","date_gmt":"2024-08-13T13:12:37","guid":{"rendered":"http:\/\/staging.ibermusicas.org\/?p=19669"},"modified":"2024-08-30T17:43:59","modified_gmt":"2024-08-30T17:43:59","slug":"a-musicologa-espanhola-sakira-ventura-apresenta-a-sua-obra-mapa-das-criadoras-da-historia-da-musica-mundos-sonoros-por-descobrir-2","status":"publish","type":"post","link":"http:\/\/staging.ibermusicas.org\/index.php\/a-musicologa-espanhola-sakira-ventura-apresenta-a-sua-obra-mapa-das-criadoras-da-historia-da-musica-mundos-sonoros-por-descobrir-2\/","title":{"rendered":"A music\u00f3loga espanhola Sakira Ventura apresenta a sua obra \u201cMapa das criadoras da hist\u00f3ria da m\u00fasica: mundos sonoros por descobrir\u201d"},"content":{"rendered":"<p>\u201cMapa das criadoras da hist\u00f3ria da m\u00fasica: mundos sonoros por descobrir\u201d \u00e9 uma digress\u00e3o acad\u00e9mica ibero-americana pelo Chile, M\u00e9xico e Costa Rica.<\/p>\n<p>&nbsp;<\/p>\n<p>Sakira Ventura, desenvolveu em 2020 um projeto em que d\u00e1 nome, rosto e voz a todas as mulheres que em tempos passados (e tamb\u00e9m nos dias de hoje) lutaram e lutam para serem igualmente reconhecidas no campo da composi\u00e7\u00e3o musical: um mapa interativo que re\u00fane mulheres criadoras de m\u00fasica acad\u00e9mica de todos os tempos e distribu\u00eddas por todo o mundo.<\/p>\n<p>&nbsp;<\/p>\n<p>Esta ferramenta est\u00e1 em constante atualiza\u00e7\u00e3o e pretende servir de ponto de partida para a recupera\u00e7\u00e3o, inclus\u00e3o e divulga\u00e7\u00e3o de repert\u00f3rio criado por mulheres que foi esquecido e desvalorizado durante tantos s\u00e9culos. Este projeto inclui mais de 650 mulheres compositoras, das quais mais de 200 s\u00e3o da Am\u00e9rica Latina.<\/p>\n<p>&nbsp;<\/p>\n<p>O Mapa das Mulheres Compositoras na Hist\u00f3ria da M\u00fasica apresenta uma lista de compositoras por ordem alfab\u00e9tica, juntamente com uma experi\u00eancia interactiva em que se pode dar a cara por estas autoras, conhecer a sua vida e obra, navegar pelos seus s\u00edtios web, ouvir um exemplo das suas composi\u00e7\u00f5es e ter a op\u00e7\u00e3o de partilhar os seus perfis nas redes sociais. Desde que este projeto nasceu, tem sido utilizado em centros educativos de todo o mundo com o objetivo de proporcionar uma educa\u00e7\u00e3o igualit\u00e1ria aos alunos.<\/p>\n<p>&nbsp;<\/p>\n<p>O principal objetivo que Sakira Ventura se prop\u00f4s alcan\u00e7ar com este projeto \u00e9 sensibilizar para a import\u00e2ncia de conhecer a hist\u00f3ria completa da Hist\u00f3ria da M\u00fasica. Isto significa conhecer o maior n\u00famero poss\u00edvel de figuras que desempenharam (e ainda desempenham) um papel no desenvolvimento da arte musical, e n\u00e3o apenas a perspetiva enviesada que a historiografia nos tem dado ao longo dos s\u00e9culos.<\/p>\n<p><strong>\u00a0<\/strong><\/p>\n<p>A arte \u00e9 um espa\u00e7o disciplinar onde o preconceito de g\u00eanero aparece de forma mais marcada do que noutras disciplinas, raz\u00e3o pela qual o projeto \u201cMapa de Criadoras na Hist\u00f3ria da M\u00fasica: mundos sonoros por descobrir\u201d ter\u00e1 um impacto decisivo numa verdadeira mudan\u00e7a no \u00e2mbito acad\u00e9mico-musical. Uma mudan\u00e7a que criar\u00e1 uma consci\u00eancia cr\u00edtica e encorajar\u00e1 a reflex\u00e3o sobre as omiss\u00f5es que nos levam a ver a Hist\u00f3ria da M\u00fasica de uma forma enviesada, excluindo 50% da popula\u00e7\u00e3o.<\/p>\n<p>&nbsp;<\/p>\n<p>O projeto de Sakira Ventura \u00e9 apoiado pelo programa Iberm\u00fasicas atrav\u00e9s das suas Ajudas \u00e0 Circula\u00e7\u00e3o, edital 2023.<\/p>\n<p>&nbsp;<\/p>\n<ul>\n<li>16 de agosto, 12h: Semin\u00e1rio na Sala Audiovisual, FaM UNAM da Universidade Nacional Aut\u00f3noma do M\u00e9xico, CDMX, M\u00e9xico<\/li>\n<li>20 a 22 de agosto, 16h: Semin\u00e1rio no Sistema Nacional de Educaci\u00f3n Musical. Parque La Libertad, San Jos\u00e9, Costa Rica<\/li>\n<\/ul>\n","protected":false},"excerpt":{"rendered":"<p>\u201cMapa das criadoras da hist\u00f3ria da m\u00fasica: mundos sonoros por descobrir\u201d \u00e9 uma digress\u00e3o acad\u00e9mica ibero-americana pelo Chile, M\u00e9xico e Costa Rica. &nbsp; Sakira Ventura, desenvolveu em 2020 um projeto em que d\u00e1 nome, rosto e voz a todas as mulheres que em tempos passados (e tamb\u00e9m nos dias de hoje) lutaram e lutam para [&hellip;]<\/p>\n","protected":false},"author":7,"featured_media":19667,"comment_status":"closed","ping_status":"closed","sticky":false,"template":"","format":"standard","meta":{"footnotes":""},"categories":[218],"tags":[],"class_list":["post-19669","post","type-post","status-publish","format-standard","has-post-thumbnail","hentry","category-noticias-generales-pt"],"lang":"pt","translations":{"pt":19669,"es":19666},"pll_sync_post":[],"post_mailing_queue_ids":[],"_links":{"self":[{"href":"http:\/\/staging.ibermusicas.org\/index.php\/wp-json\/wp\/v2\/posts\/19669","targetHints":{"allow":["GET"]}}],"collection":[{"href":"http:\/\/staging.ibermusicas.org\/index.php\/wp-json\/wp\/v2\/posts"}],"about":[{"href":"http:\/\/staging.ibermusicas.org\/index.php\/wp-json\/wp\/v2\/types\/post"}],"author":[{"embeddable":true,"href":"http:\/\/staging.ibermusicas.org\/index.php\/wp-json\/wp\/v2\/users\/7"}],"replies":[{"embeddable":true,"href":"http:\/\/staging.ibermusicas.org\/index.php\/wp-json\/wp\/v2\/comments?post=19669"}],"version-history":[{"count":1,"href":"http:\/\/staging.ibermusicas.org\/index.php\/wp-json\/wp\/v2\/posts\/19669\/revisions"}],"predecessor-version":[{"id":19670,"href":"http:\/\/staging.ibermusicas.org\/index.php\/wp-json\/wp\/v2\/posts\/19669\/revisions\/19670"}],"wp:featuredmedia":[{"embeddable":true,"href":"http:\/\/staging.ibermusicas.org\/index.php\/wp-json\/wp\/v2\/media\/19667"}],"wp:attachment":[{"href":"http:\/\/staging.ibermusicas.org\/index.php\/wp-json\/wp\/v2\/media?parent=19669"}],"wp:term":[{"taxonomy":"category","embeddable":true,"href":"http:\/\/staging.ibermusicas.org\/index.php\/wp-json\/wp\/v2\/categories?post=19669"},{"taxonomy":"post_tag","embeddable":true,"href":"http:\/\/staging.ibermusicas.org\/index.php\/wp-json\/wp\/v2\/tags?post=19669"}],"curies":[{"name":"wp","href":"https:\/\/api.w.org\/{rel}","templated":true}]}}