{"id":19671,"date":"2024-08-13T13:15:43","date_gmt":"2024-08-13T13:15:43","guid":{"rendered":"http:\/\/staging.ibermusicas.org\/?p=19671"},"modified":"2024-08-30T17:40:23","modified_gmt":"2024-08-30T17:40:23","slug":"vuelve-el-craneamusica-conferencias-networking-y-showcases-2024-en-paraguay","status":"publish","type":"post","link":"http:\/\/staging.ibermusicas.org\/index.php\/vuelve-el-craneamusica-conferencias-networking-y-showcases-2024-en-paraguay\/","title":{"rendered":"Vuelve el CRANEAm\u00fasica, Conferencias, Networking y Showcases 2024 en Paraguay"},"content":{"rendered":"<p>Vuelve CRANEAm\u00fasica como una cita ineludible en la agenda cultural de los profesionales y artistas paraguayos. Esta nueva edici\u00f3n se celebrar\u00e1 en formato presencial del 19 al 22 de agosto de 2024 en el Centro Cultural del Puerto y dem\u00e1s sedes capitalinas, abordando los siguientes ejes: Asociatividad, Internacionalizaci\u00f3n y Tecnolog\u00eda.<\/p>\n<p>&nbsp;<\/p>\n<p>Como cada a\u00f1o, a trav\u00e9s de sus diversas actividades, CRANEAm\u00fasica busca respuestas a los retos que enfrenta la industria musical paraguaya. Adem\u00e1s, mediante las conexiones generadas en ferias y mercados internacionales, se fortalecen las alianzas con diferentes pa\u00edses de la regi\u00f3n, potenciando el crecimiento del sector.<\/p>\n<p>&nbsp;<\/p>\n<p>Para la edici\u00f3n 2024, algunos de los invitados llegar\u00e1n\u00a0 desde; Argentina (FUTURX, Bienal de M\u00fasica de C\u00f3rdoba, Paula Rivera), de Brasil, Antonio Gutierrez\u00a0 (Festival REC BEAT), Chucky Garc\u00eda del Min. de las Culturas de Colombia, Delegaci\u00f3n de Uruguay (INMUS, Festival Medio y Medio y artistas), Espa\u00f1a (ASACC &#8211; MIM) y Andr\u00e9s S\u00e1nchez de OCESA, M\u00e9xico, todos llevando conocimiento e iniciativas para intercambiar experiencias y compartir el talento musical local.<\/p>\n<p>&nbsp;<\/p>\n<p>La completa y diversa programaci\u00f3n del encuentro est\u00e1 planteada en tres grandes secciones: CRANEA Zonas Acad\u00e9micas, dirigido a un p\u00fablico profesional y universitario, con cuatro jornadas intensivas de networking, conferencias, paneles y talleres, que tendr\u00e1n lugar en la sede principal del evento; CRANEA Networking con Sesiones de Pitch, SpeedMeeting y CRANEA Showcases, la programaci\u00f3n que llenar\u00e1 de m\u00fasica en vivo las salas y escenarios alrededor de la ciudad, abierta al p\u00fablico general.<\/p>\n<p>&nbsp;<\/p>\n<p>Impulsan este evento DINAPI, MERLIN, Fundaci\u00f3n Ita\u00fa, Iberm\u00fasicas, Secretar\u00eda Nacional de Cultura de Paraguay, FONDEC, el Instituto Nacional de M\u00fasica de la Direcci\u00f3n Nacional de Cultura del Ministerio de Educaci\u00f3n de Cultura de Uruguay, la Asociaci\u00f3n de la M\u00fasica Independiente de Paraguay y Acci\u00f3n Cultural espa\u00f1ola a trav\u00e9s del programa PICE.<\/p>\n<p>&nbsp;<\/p>\n<p>CRANEAm\u00fasica fue Declarado de Inter\u00e9s Tur\u00edstico por la SENATUR, adem\u00e1s de la licencia de \u00abmarca pa\u00eds\u00bb por el Ministerio de Industria y Comercio a trav\u00e9s de la red de Inversiones y Exportaciones.<\/p>\n<p>&nbsp;<\/p>\n<p>&nbsp;<\/p>\n<ul>\n<li>Del 19 al 22 de agosto<\/li>\n<\/ul>\n<p>M\u00e1s informaci\u00f3n en <a href=\"http:\/\/www.planeamusica.com\/\">www.planeamusica.com<br \/>\n<\/a><\/p>\n","protected":false},"excerpt":{"rendered":"<p>Vuelve CRANEAm\u00fasica como una cita ineludible en la agenda cultural de los profesionales y artistas paraguayos. Esta nueva edici\u00f3n se celebrar\u00e1 en formato presencial del 19 al 22 de agosto de 2024 en el Centro Cultural del Puerto y dem\u00e1s sedes capitalinas, abordando los siguientes ejes: Asociatividad, Internacionalizaci\u00f3n y Tecnolog\u00eda. &nbsp; Como cada a\u00f1o, a [&hellip;]<\/p>\n","protected":false},"author":7,"featured_media":19672,"comment_status":"closed","ping_status":"closed","sticky":false,"template":"","format":"standard","meta":{"footnotes":""},"categories":[53],"tags":[],"class_list":["post-19671","post","type-post","status-publish","format-standard","has-post-thumbnail","hentry","category-noticias-generales"],"lang":"es","translations":{"es":19671,"pt":19674},"pll_sync_post":[],"post_mailing_queue_ids":[],"_links":{"self":[{"href":"http:\/\/staging.ibermusicas.org\/index.php\/wp-json\/wp\/v2\/posts\/19671","targetHints":{"allow":["GET"]}}],"collection":[{"href":"http:\/\/staging.ibermusicas.org\/index.php\/wp-json\/wp\/v2\/posts"}],"about":[{"href":"http:\/\/staging.ibermusicas.org\/index.php\/wp-json\/wp\/v2\/types\/post"}],"author":[{"embeddable":true,"href":"http:\/\/staging.ibermusicas.org\/index.php\/wp-json\/wp\/v2\/users\/7"}],"replies":[{"embeddable":true,"href":"http:\/\/staging.ibermusicas.org\/index.php\/wp-json\/wp\/v2\/comments?post=19671"}],"version-history":[{"count":1,"href":"http:\/\/staging.ibermusicas.org\/index.php\/wp-json\/wp\/v2\/posts\/19671\/revisions"}],"predecessor-version":[{"id":19673,"href":"http:\/\/staging.ibermusicas.org\/index.php\/wp-json\/wp\/v2\/posts\/19671\/revisions\/19673"}],"wp:featuredmedia":[{"embeddable":true,"href":"http:\/\/staging.ibermusicas.org\/index.php\/wp-json\/wp\/v2\/media\/19672"}],"wp:attachment":[{"href":"http:\/\/staging.ibermusicas.org\/index.php\/wp-json\/wp\/v2\/media?parent=19671"}],"wp:term":[{"taxonomy":"category","embeddable":true,"href":"http:\/\/staging.ibermusicas.org\/index.php\/wp-json\/wp\/v2\/categories?post=19671"},{"taxonomy":"post_tag","embeddable":true,"href":"http:\/\/staging.ibermusicas.org\/index.php\/wp-json\/wp\/v2\/tags?post=19671"}],"curies":[{"name":"wp","href":"https:\/\/api.w.org\/{rel}","templated":true}]}}