{"id":19674,"date":"2024-08-13T13:17:18","date_gmt":"2024-08-13T13:17:18","guid":{"rendered":"http:\/\/staging.ibermusicas.org\/?p=19674"},"modified":"2024-08-30T17:44:06","modified_gmt":"2024-08-30T17:44:06","slug":"craneamusica-conferencias-networking-e-showcases-2024-regressa-ao-paraguai","status":"publish","type":"post","link":"http:\/\/staging.ibermusicas.org\/index.php\/craneamusica-conferencias-networking-e-showcases-2024-regressa-ao-paraguai\/","title":{"rendered":"CRANEAm\u00fasica, Confer\u00eancias, Networking e Showcases 2024 regressa ao Paraguai"},"content":{"rendered":"<p>CRANEAm\u00fasica est\u00e1 de volta como um evento imperd\u00edvel na agenda cultural dos profissionais e artistas paraguaios. Esta nova edi\u00e7\u00e3o realizar-se-\u00e1 presencialmente de 19 a 22 de agosto de 2024 no Centro Cultural del Puerto e noutros locais da capital, abordando os seguintes temas: Associativismo, Internacionaliza\u00e7\u00e3o e Tecnologia.<\/p>\n<p>&nbsp;<\/p>\n<p>Como todos os anos, atrav\u00e9s das suas diversas actividades, o CRANEAm\u00fasica procura respostas para os desafios que a ind\u00fastria musical paraguaia enfrenta. Al\u00e9m disso, atrav\u00e9s das conex\u00f5es geradas em feiras e mercados internacionais, s\u00e3o fortalecidas as alian\u00e7as com diferentes pa\u00edses da regi\u00e3o, impulsionando o crescimento do sector.<\/p>\n<p>&nbsp;<\/p>\n<p>Para a edi\u00e7\u00e3o de 2024, alguns dos convidados vir\u00e3o de; Argentina (FUTURX, Bienal de M\u00fasica de C\u00f3rdoba, Paula Rivera), do Brasil, Antonio Gutierrez (Festival REC BEAT), Chucky Garc\u00eda do Min. de las Culturas da Col\u00f4mbia, Delega\u00e7\u00e3o do Uruguai (INMUS, Festival Medio y Medio e artistas), Espanha (ASACC &#8211; MIM) e Andr\u00e9s S\u00e1nchez da OCESA, M\u00e9xico, todos trazendo conhecimentos e iniciativas para trocar experi\u00eancias e compartilhar o talento musical local.<\/p>\n<p>&nbsp;<\/p>\n<p>O programa completo e diversificado do evento divide-se em tr\u00eas sec\u00e7\u00f5es principais: Zonas Acad\u00e9micas CRANEA, dirigidas a um p\u00fablico profissional e universit\u00e1rio, com quatro dias intensos de networking, confer\u00eancias, pain\u00e9is e workshops, que ter\u00e3o lugar no recinto principal do evento; Networking CRANEA com Pitch Sessions, SpeedMeeting e CRANEA Showcases, o programa que encher\u00e1 as salas e palcos da cidade com m\u00fasica ao vivo, aberto ao p\u00fablico em geral.<\/p>\n<p>&nbsp;<\/p>\n<p>O evento \u00e9 promovido pela DINAPI, MERLIN, Fundaci\u00f3n Ita\u00fa, Iberm\u00fasicas, Secretar\u00eda Nacional de Cultura de Paraguay, FONDEC, Instituto Nacional de M\u00fasica de la Direcci\u00f3n Nacional de Cultura del Ministerio de Educaci\u00f3n de Cultura de Uruguay, Asociaci\u00f3n de la M\u00fasica Independiente de Paraguay e Acci\u00f3n Cultural espa\u00f1ola atrav\u00e9s do programa PICE.<\/p>\n<p>&nbsp;<\/p>\n<p>O CRANEAm\u00fasica foi declarado de Interesse Tur\u00edstico pelo SENATUR, para al\u00e9m de ter sido licenciado como \u201cmarca pa\u00eds\u201d pelo Minist\u00e9rio da Ind\u00fastria e Com\u00e9rcio atrav\u00e9s da rede de Investimento e Exporta\u00e7\u00e3o.<\/p>\n<p>&nbsp;<\/p>\n<p>&nbsp;<\/p>\n<ul>\n<li>De 19 a 22 de agosto<\/li>\n<li>Mais informa\u00e7\u00f5es em www.planeamusica.com<\/li>\n<\/ul>\n<p>&nbsp;<\/p>\n","protected":false},"excerpt":{"rendered":"<p>CRANEAm\u00fasica est\u00e1 de volta como um evento imperd\u00edvel na agenda cultural dos profissionais e artistas paraguaios. Esta nova edi\u00e7\u00e3o realizar-se-\u00e1 presencialmente de 19 a 22 de agosto de 2024 no Centro Cultural del Puerto e noutros locais da capital, abordando os seguintes temas: Associativismo, Internacionaliza\u00e7\u00e3o e Tecnologia. &nbsp; Como todos os anos, atrav\u00e9s das suas [&hellip;]<\/p>\n","protected":false},"author":7,"featured_media":19672,"comment_status":"closed","ping_status":"closed","sticky":false,"template":"","format":"standard","meta":{"footnotes":""},"categories":[218],"tags":[],"class_list":["post-19674","post","type-post","status-publish","format-standard","has-post-thumbnail","hentry","category-noticias-generales-pt"],"lang":"pt","translations":{"pt":19674,"es":19671},"pll_sync_post":[],"post_mailing_queue_ids":[],"_links":{"self":[{"href":"http:\/\/staging.ibermusicas.org\/index.php\/wp-json\/wp\/v2\/posts\/19674","targetHints":{"allow":["GET"]}}],"collection":[{"href":"http:\/\/staging.ibermusicas.org\/index.php\/wp-json\/wp\/v2\/posts"}],"about":[{"href":"http:\/\/staging.ibermusicas.org\/index.php\/wp-json\/wp\/v2\/types\/post"}],"author":[{"embeddable":true,"href":"http:\/\/staging.ibermusicas.org\/index.php\/wp-json\/wp\/v2\/users\/7"}],"replies":[{"embeddable":true,"href":"http:\/\/staging.ibermusicas.org\/index.php\/wp-json\/wp\/v2\/comments?post=19674"}],"version-history":[{"count":1,"href":"http:\/\/staging.ibermusicas.org\/index.php\/wp-json\/wp\/v2\/posts\/19674\/revisions"}],"predecessor-version":[{"id":19675,"href":"http:\/\/staging.ibermusicas.org\/index.php\/wp-json\/wp\/v2\/posts\/19674\/revisions\/19675"}],"wp:featuredmedia":[{"embeddable":true,"href":"http:\/\/staging.ibermusicas.org\/index.php\/wp-json\/wp\/v2\/media\/19672"}],"wp:attachment":[{"href":"http:\/\/staging.ibermusicas.org\/index.php\/wp-json\/wp\/v2\/media?parent=19674"}],"wp:term":[{"taxonomy":"category","embeddable":true,"href":"http:\/\/staging.ibermusicas.org\/index.php\/wp-json\/wp\/v2\/categories?post=19674"},{"taxonomy":"post_tag","embeddable":true,"href":"http:\/\/staging.ibermusicas.org\/index.php\/wp-json\/wp\/v2\/tags?post=19674"}],"curies":[{"name":"wp","href":"https:\/\/api.w.org\/{rel}","templated":true}]}}