{"id":19676,"date":"2024-08-13T13:19:05","date_gmt":"2024-08-13T13:19:05","guid":{"rendered":"http:\/\/staging.ibermusicas.org\/?p=19676"},"modified":"2024-08-30T17:40:39","modified_gmt":"2024-08-30T17:40:39","slug":"el-violinista-costarricense-guillermo-salas-suarez-presenta-las-cuatro-estaciones-y-los-elementos-ciclos-y-naturaleza-en-la-musica-del-siglo-xviii-en-colombia-y-en-honduras","status":"publish","type":"post","link":"http:\/\/staging.ibermusicas.org\/index.php\/el-violinista-costarricense-guillermo-salas-suarez-presenta-las-cuatro-estaciones-y-los-elementos-ciclos-y-naturaleza-en-la-musica-del-siglo-xviii-en-colombia-y-en-honduras\/","title":{"rendered":"El violinista costarricense Guillermo Salas Su\u00e1rez presenta \u201cLas cuatro estaciones y los elementos &#8211;\u00a0 Ciclos y naturaleza en la m\u00fasica del siglo XVIII\u201d en Colombia y en Honduras"},"content":{"rendered":"<p>Este proyecto consiste en un taller orquestal dirigido a\u00a0 estudiantes avanzados de m\u00fasica cl\u00e1sica impartido por el Dr. Guillermo Salas Su\u00e1rez, experto en interpretaci\u00f3n hist\u00f3rica. El repertorio incluye Le Quattro Stagioni de Vivaldi y Les \u00c9l\u00e9mens de Rebel.<\/p>\n<p>&nbsp;<\/p>\n<p>Los estudiantes trabajar\u00e1n intensivamente de manera individual y orquestal sobre rudimentos de interpretaci\u00f3n hist\u00f3rica siguiendo los lineamientos fijados por fuentes hist\u00f3ricas y la investigaci\u00f3n musicol\u00f3gica sobre c\u00f3mo interpretar la m\u00fasica de una manera m\u00e1s cercana a como fue interpretada originalmente.<\/p>\n<p>&nbsp;<\/p>\n<p>El violinista barroco costarricense Guillermo Salas Su\u00e1rez ha tocado con las orquestas barrocas de Atlanta, Lyra y Carolina del Norte, Apollo\u2019s Fire, The Newberry Consort, Lumedia MusicWorks y Bach Collegium Fort Wayne. Ha sido concertino invitado con la Orquesta Barroca de Indian\u00e1polis, la Compa\u00f1\u00eda de \u00d3pera Barroca Americana, Bourbon Baroque y es invitado a dar clases maestras y talleres a lo largo del continente. Guillermo es Doctor en Artes Musicales especializado en Interpretaci\u00f3n Hist\u00f3rica por la Universidad Case Western Reserve de Cleveland, Estados Unidos, donde estudi\u00f3 bajo la tutela del Dr. Julie Andrijeski.<\/p>\n<p>&nbsp;<\/p>\n<p>Como investigador de la m\u00fasica espa\u00f1ola y colonial, ha presentado su trabajo en las Universidades de Boston, Indiana y Oreg\u00f3n (EEUU) y la Universidad Nacional Aut\u00f3noma de M\u00e9xico. Su monograf\u00eda sobre el viol\u00edn en Espa\u00f1a en el siglo XVIII ser\u00e1 publicada por la Prensa de la Universidad de Indiana. Educador de interpretaci\u00f3n hist\u00f3rica en Am\u00e9rica Latina, fungi\u00f3 como profesor en el Festival de M\u00fasica de Santa Catarina (Brasil) y ha presentado ponencias y talleres para la Academia de M\u00fasica Antigua de Medell\u00edn (Colombia), la Universidad Nacional y el Instituto Nacional de la M\u00fasica (Costa Rica).<\/p>\n<p>&nbsp;<\/p>\n<p>Esta gira de Guillermo Salas Su\u00e1rez cuenta con el apoyo de Iberm\u00fasicas mediante sus Ayudas a la Circulaci\u00f3n, Convocatoria 2023.<\/p>\n<p>&nbsp;<\/p>\n<ul>\n<li>21 de agosto 19h: Patio Teatro del Claustro Comfama, Medell\u00edn, Colombia<\/li>\n<li>29 de agosto 16h: Conservatorio Nacional Francisco D\u00edaz Zelaya, Tegucigalpa, Honduras<\/li>\n<li>30 de agosto 19h15: Iglesia del Se\u00f1or de las Mercedes, Santa Luc\u00eda, Honduras<\/li>\n<li>31 de agosto, 17h: Parroquia Inmaculada Concepci\u00f3n Cantarranas, Honduras<\/li>\n<\/ul>\n","protected":false},"excerpt":{"rendered":"<p>Este proyecto consiste en un taller orquestal dirigido a\u00a0 estudiantes avanzados de m\u00fasica cl\u00e1sica impartido por el Dr. Guillermo Salas Su\u00e1rez, experto en interpretaci\u00f3n hist\u00f3rica. El repertorio incluye Le Quattro Stagioni de Vivaldi y Les \u00c9l\u00e9mens de Rebel. &nbsp; Los estudiantes trabajar\u00e1n intensivamente de manera individual y orquestal sobre rudimentos de interpretaci\u00f3n hist\u00f3rica siguiendo los [&hellip;]<\/p>\n","protected":false},"author":7,"featured_media":19677,"comment_status":"closed","ping_status":"closed","sticky":false,"template":"","format":"standard","meta":{"footnotes":""},"categories":[53],"tags":[],"class_list":["post-19676","post","type-post","status-publish","format-standard","has-post-thumbnail","hentry","category-noticias-generales"],"lang":"es","translations":{"es":19676,"pt":19679},"pll_sync_post":[],"post_mailing_queue_ids":[],"_links":{"self":[{"href":"http:\/\/staging.ibermusicas.org\/index.php\/wp-json\/wp\/v2\/posts\/19676","targetHints":{"allow":["GET"]}}],"collection":[{"href":"http:\/\/staging.ibermusicas.org\/index.php\/wp-json\/wp\/v2\/posts"}],"about":[{"href":"http:\/\/staging.ibermusicas.org\/index.php\/wp-json\/wp\/v2\/types\/post"}],"author":[{"embeddable":true,"href":"http:\/\/staging.ibermusicas.org\/index.php\/wp-json\/wp\/v2\/users\/7"}],"replies":[{"embeddable":true,"href":"http:\/\/staging.ibermusicas.org\/index.php\/wp-json\/wp\/v2\/comments?post=19676"}],"version-history":[{"count":1,"href":"http:\/\/staging.ibermusicas.org\/index.php\/wp-json\/wp\/v2\/posts\/19676\/revisions"}],"predecessor-version":[{"id":19678,"href":"http:\/\/staging.ibermusicas.org\/index.php\/wp-json\/wp\/v2\/posts\/19676\/revisions\/19678"}],"wp:featuredmedia":[{"embeddable":true,"href":"http:\/\/staging.ibermusicas.org\/index.php\/wp-json\/wp\/v2\/media\/19677"}],"wp:attachment":[{"href":"http:\/\/staging.ibermusicas.org\/index.php\/wp-json\/wp\/v2\/media?parent=19676"}],"wp:term":[{"taxonomy":"category","embeddable":true,"href":"http:\/\/staging.ibermusicas.org\/index.php\/wp-json\/wp\/v2\/categories?post=19676"},{"taxonomy":"post_tag","embeddable":true,"href":"http:\/\/staging.ibermusicas.org\/index.php\/wp-json\/wp\/v2\/tags?post=19676"}],"curies":[{"name":"wp","href":"https:\/\/api.w.org\/{rel}","templated":true}]}}