{"id":19681,"date":"2024-08-13T13:40:09","date_gmt":"2024-08-13T13:40:09","guid":{"rendered":"http:\/\/staging.ibermusicas.org\/?p=19681"},"modified":"2024-08-30T17:40:46","modified_gmt":"2024-08-30T17:40:46","slug":"uniendo-madeira-con-el-sur-de-brasil-norberto-goncalves-da-cruz-lleva-su-espectaculo-gaia-a-mato-grosso-do-sul","status":"publish","type":"post","link":"http:\/\/staging.ibermusicas.org\/index.php\/uniendo-madeira-con-el-sur-de-brasil-norberto-goncalves-da-cruz-lleva-su-espectaculo-gaia-a-mato-grosso-do-sul\/","title":{"rendered":"Uniendo Madeira con el sur de Brasil, Norberto Gon\u00e7alves da Cruz lleva su espect\u00e1culo GAIA a Mato Grosso do Sul"},"content":{"rendered":"<p>El concierto GAIA es una creaci\u00f3n que despierta la reflexi\u00f3n sobre qui\u00e9nes somos y nuestro papel en el mundo. En la mitolog\u00eda griega es representada como \u00abMadre Tierra\u00bb. GAIA es un viaje por el universo musical de Norberto Gon\u00e7alves da Cruz, con muchas influencias y simbiosis entre varios lenguajes y tecnolog\u00eda que muestran a \u00abGaia\u00bb en todos sus colores. Se trata de un concepto descriptivo de las diversas perspectivas, sensaciones y elementos que sustentan la naturaleza y todo el mundo f\u00edsico, frente a la visi\u00f3n y la forma en que nos situamos en el mundo como seres espirituales.<\/p>\n<p>&nbsp;<\/p>\n<p>Norberto Cruz es m\u00fasico, compositor y creador, y uno de los mandolinistas portugueses m\u00e1s reconocidos internacionalmente. Ha actuado en salas de todo el mundo como el Teatro Alla Scala (Mil\u00e1n &#8211; Italia), Teatro \u00abLa Fenice\u00bb (Venecia &#8211; Italia) bajo la direcci\u00f3n de directores como Ricardo Muti y Mitislav Rostropovic, tocando junto a m\u00fasicos internacionales como Pl\u00e1cido Domingo, Andrea Bocelli y Noa. Es uno de los fundadores del Quinteto a Plectro Giuseppe Anedda y en 2012 recibi\u00f3 la Medalla de Representaci\u00f3n del Presidente de la Rep\u00fablica Italiana.<\/p>\n<p>&nbsp;<\/p>\n<p>Adem\u00e1s de su trabajo en el campo de la m\u00fasica cl\u00e1sica, especialmente con la mandolina, siempre ha estado involucrado en la creaci\u00f3n y composici\u00f3n experimental, donde explora otros sonidos, lenguajes y g\u00e9neros. Su palmar\u00e9s incluye \u00abNew World\u00bb (2008), \u00abSafe\u00bb (2019) y \u00abEzekiel\u00bb (2021), entre otros.<\/p>\n<p>&nbsp;<\/p>\n<p>En Brasil, el proyecto contar\u00e1 con la participaci\u00f3n de la Orquesta Ind\u00edgena, bajo la direcci\u00f3n de Eduardo Martinelli, que a\u00f1adir\u00e1 sus sonoridades al concierto Gaia, haciendo as\u00ed que esta experiencia musical sea extraordinariamente rica, tanto para los artistas implicados como para el p\u00fablico en general.<\/p>\n<p>&nbsp;<\/p>\n<p>El programa de este proyecto incluye tres conciertos, tres sesiones de formaci\u00f3n y una conferencia, como parte de los Di\u00e1logos Musicales Iberoamericanos (DMI), ahora en su 2\u00aa edici\u00f3n, eventos que\u00a0 tendr\u00e1n lugar en persona en Brasil y que tambi\u00e9n estar\u00e1n disponibles en l\u00ednea, creando as\u00ed una continuaci\u00f3n con la candidatura anterior de la Associa\u00e7\u00e3o de Bandolins da Madeira (ABM), a partir de agosto de 2024.<\/p>\n<p>&nbsp;<\/p>\n<p>La Associa\u00e7\u00e3o de Bandolins da Madeira (ABM) cuenta con el apoyo de la Rep\u00fablica Portuguesa | DGArtes; el Gobierno Regional de Madeira | Secretar\u00eda Regional de Turismo y Cultura | Secretar\u00eda Regional de Educaci\u00f3n, Ciencia y Tecnolog\u00eda. Apoyo al proyecto: Iberm\u00fasicas. Socios: Ayuntamiento de Campo Grande (BR), SESC|MS (BR) y Departamento Municipal de Cultura y Turismo (MS &#8211; BR).<\/p>\n<p>&nbsp;<\/p>\n<ul>\n<li>22 de agosto: Festival de Invierno de Bonito, Bonito, MS, Brasil<\/li>\n<li>25 de agosto: SESC Campo Grande, MS, Brasil<\/li>\n<li>28 de agosto: Festival ao Encontro da M\u00fasica Cl\u00e1ssica, Campo Grande, MS, Brasil<\/li>\n<\/ul>\n","protected":false},"excerpt":{"rendered":"<p>El concierto GAIA es una creaci\u00f3n que despierta la reflexi\u00f3n sobre qui\u00e9nes somos y nuestro papel en el mundo. En la mitolog\u00eda griega es representada como \u00abMadre Tierra\u00bb. GAIA es un viaje por el universo musical de Norberto Gon\u00e7alves da Cruz, con muchas influencias y simbiosis entre varios lenguajes y tecnolog\u00eda que muestran a \u00abGaia\u00bb [&hellip;]<\/p>\n","protected":false},"author":7,"featured_media":19682,"comment_status":"closed","ping_status":"closed","sticky":false,"template":"","format":"standard","meta":{"footnotes":""},"categories":[53],"tags":[],"class_list":["post-19681","post","type-post","status-publish","format-standard","has-post-thumbnail","hentry","category-noticias-generales"],"lang":"es","translations":{"es":19681,"pt":19684},"pll_sync_post":[],"post_mailing_queue_ids":[],"_links":{"self":[{"href":"http:\/\/staging.ibermusicas.org\/index.php\/wp-json\/wp\/v2\/posts\/19681","targetHints":{"allow":["GET"]}}],"collection":[{"href":"http:\/\/staging.ibermusicas.org\/index.php\/wp-json\/wp\/v2\/posts"}],"about":[{"href":"http:\/\/staging.ibermusicas.org\/index.php\/wp-json\/wp\/v2\/types\/post"}],"author":[{"embeddable":true,"href":"http:\/\/staging.ibermusicas.org\/index.php\/wp-json\/wp\/v2\/users\/7"}],"replies":[{"embeddable":true,"href":"http:\/\/staging.ibermusicas.org\/index.php\/wp-json\/wp\/v2\/comments?post=19681"}],"version-history":[{"count":1,"href":"http:\/\/staging.ibermusicas.org\/index.php\/wp-json\/wp\/v2\/posts\/19681\/revisions"}],"predecessor-version":[{"id":19683,"href":"http:\/\/staging.ibermusicas.org\/index.php\/wp-json\/wp\/v2\/posts\/19681\/revisions\/19683"}],"wp:featuredmedia":[{"embeddable":true,"href":"http:\/\/staging.ibermusicas.org\/index.php\/wp-json\/wp\/v2\/media\/19682"}],"wp:attachment":[{"href":"http:\/\/staging.ibermusicas.org\/index.php\/wp-json\/wp\/v2\/media?parent=19681"}],"wp:term":[{"taxonomy":"category","embeddable":true,"href":"http:\/\/staging.ibermusicas.org\/index.php\/wp-json\/wp\/v2\/categories?post=19681"},{"taxonomy":"post_tag","embeddable":true,"href":"http:\/\/staging.ibermusicas.org\/index.php\/wp-json\/wp\/v2\/tags?post=19681"}],"curies":[{"name":"wp","href":"https:\/\/api.w.org\/{rel}","templated":true}]}}