{"id":19684,"date":"2024-08-13T13:44:38","date_gmt":"2024-08-13T13:44:38","guid":{"rendered":"http:\/\/staging.ibermusicas.org\/?p=19684"},"modified":"2024-08-30T17:44:28","modified_gmt":"2024-08-30T17:44:28","slug":"ligando-a-madeira-ao-sul-do-brasil-a-norberto-goncalves-da-cruz-leva-seu-espetaculo-gaia-ao-mato-grosso-do-sul","status":"publish","type":"post","link":"http:\/\/staging.ibermusicas.org\/index.php\/ligando-a-madeira-ao-sul-do-brasil-a-norberto-goncalves-da-cruz-leva-seu-espetaculo-gaia-ao-mato-grosso-do-sul\/","title":{"rendered":"Ligando a Madeira ao Sul do Brasil, a Norberto Gon\u00e7alves da Cruz leva seu espet\u00e1culo GAIA ao Mato Grosso do Sul"},"content":{"rendered":"<p>O concerto GAIA, \u00e9 uma cria\u00e7\u00e3o que vem despertar uma reflex\u00e3o sobre quem somos e o nosso papel no mundo. Na mitologia grega \u00e9 representada como \u00abTerra m\u00e3e\u00bb. GAIA \u00e9 uma viagem atrav\u00e9s do universo musical de Norberto Gon\u00e7alves da Cruz, que traz muitas influ\u00eancias e simbioses entre v\u00e1rias linguagens e tecnologia que mostram \u201cGaia\u201d em todas as suas cores. \u00c9 um conceito descritivo das v\u00e1rias perspectivas, sensa\u00e7\u00f5es e elementos que sustentam a natureza e todo mundo f\u00edsico, em contraposi\u00e7\u00e3o, com a vis\u00e3o e forma de como nos colocamos no mundo como seres espirituais.<\/p>\n<p>&nbsp;<\/p>\n<p>Norberto Cruz, \u00e9 um m\u00fasico, compositor e criador, sendo dos mais conceituados bandolinistas portugueses reconhecido internacionalmente. Apresentou-se em salas em todo o mundo como o Teatro Alla Scala (Mil\u00e3o-It\u00e1lia), Teatro \u201cLa Fenice\u201d (Veneza &#8211; It\u00e1lia) exibindo-se sob a dire\u00e7\u00e3o de maestros como Ricardo Muti e Mitislav Rostropovic, tocando ao lado de m\u00fasicos internacionais como Pl\u00e1cido Domingo, Andrea Bocelli e Noa. \u00c9 um dos fundadores do Quinteto a Plectro Giuseppe Anedda, ganhando em 2012 a Medalha de Representa\u00e7\u00e3o do Presidente da Rep\u00fablica Italiana.<\/p>\n<p>&nbsp;<\/p>\n<p>Al\u00e9m de seu trabalho no \u00e2mbito da m\u00fasica cl\u00e1ssica, em especial no bandolim, sempre teve no seu percurso a vertente da cria\u00e7\u00e3o e da composi\u00e7\u00e3o de forma experimental, onde explora outras sonoridades, linguagens e g\u00eaneros, tendo no seu hist\u00f3rico musicais como o \u00abNovo mundo\u00bb (2008), \u201cSafe\u201d(2019) e \u00abEzequiel\u00bb (2021) entre outros.<\/p>\n<p>&nbsp;<\/p>\n<p>No Brasil, o projeto contar\u00e1 com a participa\u00e7\u00e3o da Orquestra Ind\u00edgena, sob a orienta\u00e7\u00e3o do maestro Eduardo Martinelli, que juntar\u00e1 as suas sonoridades ao concerto de Gaia, tornando assim esta experi\u00eancia musical de uma riqueza extraordin\u00e1ria, quer para os artistas envolvidos, quer para o p\u00fablico em geral.<\/p>\n<p>&nbsp;<\/p>\n<p>A programa\u00e7\u00e3o deste projeto contempla a realiza\u00e7\u00e3o de tr\u00eas concertos, tr\u00eas forma\u00e7\u00f5es e uma palestra, enquadradas nos Di\u00e1logos Musicais Ibero Americanos (DMI), aqui na sua 2\u00aa Edi\u00e7\u00e3o, eventos os quais ser\u00e3o agora num formato presencial no territ\u00f3rio brasileiro e que ser\u00e1 tamb\u00e9m disponibilizado online, criando assim uma continuidade \u00e0 candidatura anterior da Associa\u00e7\u00e3o de Bandolins da Madeira ABM, no per\u00edodo de agosto de 2024.<\/p>\n<p>&nbsp;<\/p>\n<p>A Associa\u00e7\u00e3o de Bandolins da Madeira (ABM) tem apoio da Rep\u00fablica Portuguesa |DGArtes; do Governo Regional da Madeira | Secretaria Regional de Turismo e Cultura | Secretaria Regional de Educa\u00e7\u00e3o, Ci\u00eancia e Tecnologia. Apoio ao projeto: Iberm\u00fasicas. Parceiros: Prefeitura Municipal de Campo Grande (BR), o SESC|MS (BR) e a Secretaria Municipal de Cultura e Turismo (MS &#8211; BR).<\/p>\n<p>&nbsp;<\/p>\n<ul>\n<li>22 de agosto: Festival de Inverno de Bonito, Bonito, MS, Brasil<\/li>\n<li>24 de agosto: SESC Campo Grande, MS, Brasil<\/li>\n<li>28 de agosto: Festival ao Encontro da M\u00fasica Cl\u00e1ssica, Campo Grande, MS, Brasil<\/li>\n<\/ul>\n","protected":false},"excerpt":{"rendered":"<p>O concerto GAIA, \u00e9 uma cria\u00e7\u00e3o que vem despertar uma reflex\u00e3o sobre quem somos e o nosso papel no mundo. Na mitologia grega \u00e9 representada como \u00abTerra m\u00e3e\u00bb. GAIA \u00e9 uma viagem atrav\u00e9s do universo musical de Norberto Gon\u00e7alves da Cruz, que traz muitas influ\u00eancias e simbioses entre v\u00e1rias linguagens e tecnologia que mostram \u201cGaia\u201d [&hellip;]<\/p>\n","protected":false},"author":7,"featured_media":19682,"comment_status":"closed","ping_status":"closed","sticky":false,"template":"","format":"standard","meta":{"footnotes":""},"categories":[218],"tags":[],"class_list":["post-19684","post","type-post","status-publish","format-standard","has-post-thumbnail","hentry","category-noticias-generales-pt"],"lang":"pt","translations":{"pt":19684,"es":19681},"pll_sync_post":[],"post_mailing_queue_ids":[],"_links":{"self":[{"href":"http:\/\/staging.ibermusicas.org\/index.php\/wp-json\/wp\/v2\/posts\/19684","targetHints":{"allow":["GET"]}}],"collection":[{"href":"http:\/\/staging.ibermusicas.org\/index.php\/wp-json\/wp\/v2\/posts"}],"about":[{"href":"http:\/\/staging.ibermusicas.org\/index.php\/wp-json\/wp\/v2\/types\/post"}],"author":[{"embeddable":true,"href":"http:\/\/staging.ibermusicas.org\/index.php\/wp-json\/wp\/v2\/users\/7"}],"replies":[{"embeddable":true,"href":"http:\/\/staging.ibermusicas.org\/index.php\/wp-json\/wp\/v2\/comments?post=19684"}],"version-history":[{"count":1,"href":"http:\/\/staging.ibermusicas.org\/index.php\/wp-json\/wp\/v2\/posts\/19684\/revisions"}],"predecessor-version":[{"id":19685,"href":"http:\/\/staging.ibermusicas.org\/index.php\/wp-json\/wp\/v2\/posts\/19684\/revisions\/19685"}],"wp:featuredmedia":[{"embeddable":true,"href":"http:\/\/staging.ibermusicas.org\/index.php\/wp-json\/wp\/v2\/media\/19682"}],"wp:attachment":[{"href":"http:\/\/staging.ibermusicas.org\/index.php\/wp-json\/wp\/v2\/media?parent=19684"}],"wp:term":[{"taxonomy":"category","embeddable":true,"href":"http:\/\/staging.ibermusicas.org\/index.php\/wp-json\/wp\/v2\/categories?post=19684"},{"taxonomy":"post_tag","embeddable":true,"href":"http:\/\/staging.ibermusicas.org\/index.php\/wp-json\/wp\/v2\/tags?post=19684"}],"curies":[{"name":"wp","href":"https:\/\/api.w.org\/{rel}","templated":true}]}}