{"id":19686,"date":"2024-08-13T13:46:25","date_gmt":"2024-08-13T13:46:25","guid":{"rendered":"http:\/\/staging.ibermusicas.org\/?p=19686"},"modified":"2024-08-30T17:40:53","modified_gmt":"2024-08-30T17:40:53","slug":"llega-la-segunda-edicion-de-ritmo-el-mercado-musical-de-peru","status":"publish","type":"post","link":"http:\/\/staging.ibermusicas.org\/index.php\/llega-la-segunda-edicion-de-ritmo-el-mercado-musical-de-peru\/","title":{"rendered":"Llega la segunda edici\u00f3n de Ritmo, el Mercado Musical de Per\u00fa"},"content":{"rendered":"<p>Se realizar\u00e1 una nueva edici\u00f3n de Ritmo Mercado Musical bajo la producci\u00f3n de PMA y con el apoyo de Iberm\u00fasicas y el Ministerio de Cultura del Per\u00fa. Ritmo Mercado Musical es un evento h\u00edbrido que re\u00fane a exponentes de Estados Unidos, M\u00e9xico, Colombia, Chile y Per\u00fa en diversas charlas, workshops, concursos, sorteos y actividades de networking sobre la industria musical. La entrada es gratuita y se transmitir\u00e1 en vivo a trav\u00e9s de plataformas de streaming. Adem\u00e1s, el evento final contar\u00e1 con ponencias y conciertos en vivo en la sede principal del Ministerio de Cultura.<\/p>\n<p>&nbsp;<\/p>\n<p>En esta segunda edici\u00f3n, Ritmo contar\u00e1 con la participaci\u00f3n de ponentes reconocidos en diferentes \u00e1reas de la industria musical. Entre ellos: Juan Alberto Mata (Per\u00fa), Ronan Chris Murphy (USA), Darumas (USA), Jhoseph Ojeda (Per\u00fa), Jaime G\u00f3mez (Colombia), Yael Meyer (Chile), Laura Mendoza (Chile), Ricardo Cort\u00e9s (Colombia), Pedro Apcho (Per\u00fa), Flow GPT (Chile), Sof\u00eda Villar (Colombia), Milena Warthon (Per\u00fa), Eric Kauffmann (M\u00e9xico), Carolina Corzo (Per\u00fa), Jorge Azama (Per\u00fa), Maritza Rojas (Per\u00fa), Mario Melgar (Per\u00fa) y m\u00e1s especialistas de la escena nacional e internacional.<\/p>\n<p>&nbsp;<\/p>\n<p>Adem\u00e1s, Ritmo trae m\u00e1s novedades como playlists oficiales de Spotify y YouTube y un concurso de bandas y artistas para ganar la posibilidad de tocar en vivo en el concierto de cierre del evento.<\/p>\n<p>&nbsp;<\/p>\n<ul>\n<li>22, 23 y 24 de agosto<\/li>\n<li>Inscripci\u00f3n en: www.ritmomercadomusical.com<\/li>\n<\/ul>\n<p>Ritmo se trasmitir\u00e1 en vivo en Twitch: https:\/\/www.twitch.tv\/ritmomercadomusical<\/p>\n","protected":false},"excerpt":{"rendered":"<p>Se realizar\u00e1 una nueva edici\u00f3n de Ritmo Mercado Musical bajo la producci\u00f3n de PMA y con el apoyo de Iberm\u00fasicas y el Ministerio de Cultura del Per\u00fa. Ritmo Mercado Musical es un evento h\u00edbrido que re\u00fane a exponentes de Estados Unidos, M\u00e9xico, Colombia, Chile y Per\u00fa en diversas charlas, workshops, concursos, sorteos y actividades de [&hellip;]<\/p>\n","protected":false},"author":7,"featured_media":19687,"comment_status":"closed","ping_status":"closed","sticky":false,"template":"","format":"standard","meta":{"footnotes":""},"categories":[53],"tags":[],"class_list":["post-19686","post","type-post","status-publish","format-standard","has-post-thumbnail","hentry","category-noticias-generales"],"lang":"es","translations":{"es":19686,"pt":19689},"pll_sync_post":[],"post_mailing_queue_ids":[],"_links":{"self":[{"href":"http:\/\/staging.ibermusicas.org\/index.php\/wp-json\/wp\/v2\/posts\/19686","targetHints":{"allow":["GET"]}}],"collection":[{"href":"http:\/\/staging.ibermusicas.org\/index.php\/wp-json\/wp\/v2\/posts"}],"about":[{"href":"http:\/\/staging.ibermusicas.org\/index.php\/wp-json\/wp\/v2\/types\/post"}],"author":[{"embeddable":true,"href":"http:\/\/staging.ibermusicas.org\/index.php\/wp-json\/wp\/v2\/users\/7"}],"replies":[{"embeddable":true,"href":"http:\/\/staging.ibermusicas.org\/index.php\/wp-json\/wp\/v2\/comments?post=19686"}],"version-history":[{"count":1,"href":"http:\/\/staging.ibermusicas.org\/index.php\/wp-json\/wp\/v2\/posts\/19686\/revisions"}],"predecessor-version":[{"id":19688,"href":"http:\/\/staging.ibermusicas.org\/index.php\/wp-json\/wp\/v2\/posts\/19686\/revisions\/19688"}],"wp:featuredmedia":[{"embeddable":true,"href":"http:\/\/staging.ibermusicas.org\/index.php\/wp-json\/wp\/v2\/media\/19687"}],"wp:attachment":[{"href":"http:\/\/staging.ibermusicas.org\/index.php\/wp-json\/wp\/v2\/media?parent=19686"}],"wp:term":[{"taxonomy":"category","embeddable":true,"href":"http:\/\/staging.ibermusicas.org\/index.php\/wp-json\/wp\/v2\/categories?post=19686"},{"taxonomy":"post_tag","embeddable":true,"href":"http:\/\/staging.ibermusicas.org\/index.php\/wp-json\/wp\/v2\/tags?post=19686"}],"curies":[{"name":"wp","href":"https:\/\/api.w.org\/{rel}","templated":true}]}}