{"id":19689,"date":"2024-08-13T13:47:52","date_gmt":"2024-08-13T13:47:52","guid":{"rendered":"http:\/\/staging.ibermusicas.org\/?p=19689"},"modified":"2024-08-30T17:44:34","modified_gmt":"2024-08-30T17:44:34","slug":"a-segunda-edicao-do-ritmo-o-mercado-musical-do-peru-esta-a-chegar","status":"publish","type":"post","link":"http:\/\/staging.ibermusicas.org\/index.php\/a-segunda-edicao-do-ritmo-o-mercado-musical-do-peru-esta-a-chegar\/","title":{"rendered":"A segunda edi\u00e7\u00e3o do Ritmo, o Mercado Musical do Peru, est\u00e1 a chegar"},"content":{"rendered":"<p>Uma nova edi\u00e7\u00e3o do Ritmo Mercado Musical ser\u00e1 realizada sob a produ\u00e7\u00e3o da PMA e com o apoio do Iberm\u00fasicas e do Minist\u00e9rio da Cultura do Peru. O Ritmo Mercado Musical \u00e9 um evento h\u00edbrido que re\u00fane expoentes dos Estados Unidos, M\u00e9xico, Col\u00f4mbia, Chile e Peru em diversas palestras, workshops, concursos, sorteios e actividades de networking sobre a ind\u00fastria musical. A entrada \u00e9 gratuita e o evento ser\u00e1 transmitido ao vivo em plataformas de streaming. Al\u00e9m disso, o evento final contar\u00e1 com apresenta\u00e7\u00f5es e concertos ao vivo na sede principal do Minist\u00e9rio da Cultura.<\/p>\n<p><strong>\u00a0<\/strong><\/p>\n<p>Nesta segunda edi\u00e7\u00e3o, Ritmo contar\u00e1 com palestrantes renomados em diferentes \u00e1reas da ind\u00fastria musical. Entre eles: Juan Alberto Mata (Peru), Ronan Chris Murphy (EUA), Darumas (EUA), Jhoseph Ojeda (Peru), Jaime G\u00f3mez (Col\u00f4mbia), Yael Meyer (Chile), Laura Mendoza (Chile), Ricardo Cort\u00e9s (Col\u00f4mbia), Pedro Apcho (Peru), Flow GPT (Chile), Sof\u00eda Villar (Col\u00f4mbia), Milena Warthon (Peru), Eric Kauffmann (M\u00e9xico), Carolina Corzo (Peru), Jorge Azama (Peru), Maritza Rojas (Peru), Mario Melgar (Peru) e mais especialistas do cen\u00e1rio nacional e internacional.<\/p>\n<p>&nbsp;<\/p>\n<p>Al\u00e9m disso, o Ritmo traz mais novidades, como playlists oficiais do Spotify e do YouTube e um concurso para que bandas e artistas ganhem a chance de tocar ao vivo no show de encerramento do evento.<\/p>\n<p><strong>\u00a0<\/strong><\/p>\n<ul>\n<li>22, 23 y 24 de agosto<\/li>\n<li>Inscripci\u00f3n en: www.ritmomercadomusical.com<\/li>\n<li>Ritmo vai ser transmitido ao vivo pelo Twitch: https:\/\/www.twitch.tv\/ritmomercadomusical<\/li>\n<\/ul>\n","protected":false},"excerpt":{"rendered":"<p>Uma nova edi\u00e7\u00e3o do Ritmo Mercado Musical ser\u00e1 realizada sob a produ\u00e7\u00e3o da PMA e com o apoio do Iberm\u00fasicas e do Minist\u00e9rio da Cultura do Peru. O Ritmo Mercado Musical \u00e9 um evento h\u00edbrido que re\u00fane expoentes dos Estados Unidos, M\u00e9xico, Col\u00f4mbia, Chile e Peru em diversas palestras, workshops, concursos, sorteios e actividades de [&hellip;]<\/p>\n","protected":false},"author":7,"featured_media":19687,"comment_status":"closed","ping_status":"closed","sticky":false,"template":"","format":"standard","meta":{"footnotes":""},"categories":[218],"tags":[],"class_list":["post-19689","post","type-post","status-publish","format-standard","has-post-thumbnail","hentry","category-noticias-generales-pt"],"lang":"pt","translations":{"pt":19689,"es":19686},"pll_sync_post":[],"post_mailing_queue_ids":[],"_links":{"self":[{"href":"http:\/\/staging.ibermusicas.org\/index.php\/wp-json\/wp\/v2\/posts\/19689","targetHints":{"allow":["GET"]}}],"collection":[{"href":"http:\/\/staging.ibermusicas.org\/index.php\/wp-json\/wp\/v2\/posts"}],"about":[{"href":"http:\/\/staging.ibermusicas.org\/index.php\/wp-json\/wp\/v2\/types\/post"}],"author":[{"embeddable":true,"href":"http:\/\/staging.ibermusicas.org\/index.php\/wp-json\/wp\/v2\/users\/7"}],"replies":[{"embeddable":true,"href":"http:\/\/staging.ibermusicas.org\/index.php\/wp-json\/wp\/v2\/comments?post=19689"}],"version-history":[{"count":1,"href":"http:\/\/staging.ibermusicas.org\/index.php\/wp-json\/wp\/v2\/posts\/19689\/revisions"}],"predecessor-version":[{"id":19690,"href":"http:\/\/staging.ibermusicas.org\/index.php\/wp-json\/wp\/v2\/posts\/19689\/revisions\/19690"}],"wp:featuredmedia":[{"embeddable":true,"href":"http:\/\/staging.ibermusicas.org\/index.php\/wp-json\/wp\/v2\/media\/19687"}],"wp:attachment":[{"href":"http:\/\/staging.ibermusicas.org\/index.php\/wp-json\/wp\/v2\/media?parent=19689"}],"wp:term":[{"taxonomy":"category","embeddable":true,"href":"http:\/\/staging.ibermusicas.org\/index.php\/wp-json\/wp\/v2\/categories?post=19689"},{"taxonomy":"post_tag","embeddable":true,"href":"http:\/\/staging.ibermusicas.org\/index.php\/wp-json\/wp\/v2\/tags?post=19689"}],"curies":[{"name":"wp","href":"https:\/\/api.w.org\/{rel}","templated":true}]}}